{"id":10797,"date":"2022-03-23T16:25:36","date_gmt":"2022-03-23T19:25:36","guid":{"rendered":"https:\/\/informatepy.com\/2021\/?p=10797"},"modified":"2022-03-23T16:25:39","modified_gmt":"2022-03-23T19:25:39","slug":"teodolina-villalba-aseguro-que-no-se-moveran-de-asuncion-hasta-la-derogacion-de-la-ley-que-criminaliza-las-invasiones","status":"publish","type":"post","link":"https:\/\/informatepy.com\/2021\/2022\/03\/23\/teodolina-villalba-aseguro-que-no-se-moveran-de-asuncion-hasta-la-derogacion-de-la-ley-que-criminaliza-las-invasiones\/","title":{"rendered":"Teodolina Villalba asegur\u00f3 que no se mover\u00e1n de Asunci\u00f3n hasta la derogaci\u00f3n de la ley que criminaliza las invasiones"},"content":{"rendered":"\n<p class=\"has-text-align-justify\">En el marco de las protestas organizadas en la ciudad de Asunci\u00f3n, la dirigente de la Federaci\u00f3n Nacional Campesina (FNC), Teodolina Villalba, asegur\u00f3 que <strong><em>no se mover\u00e1n de la capital hasta que se responsa a los pedidos planteados por su sector.<\/em><\/strong><\/p>\n\n\n\n<p class=\"has-text-align-justify\">Anunci\u00f3 que ma\u00f1ana se movilizar\u00e1n de forma masiva en la capital en lo que ellos denominaron <strong><em>\u00abLucha prolongada contra toda la injusticia\u00bb<\/em><\/strong> donde tiene como principal reivindicaci\u00f3n la derogaci\u00f3n de la ley que criminaliza la invasi\u00f3n de tierras.<\/p>\n","protected":false},"excerpt":{"rendered":"<p>En el marco de las protestas organizadas en la ciudad de Asunci\u00f3n, la dirigente de la Federaci\u00f3n Nacional Campesina (FNC), Teodolina Villalba, asegur\u00f3 que no se mover\u00e1n de la capital hasta que se responsa a los pedidos planteados por su sector. Anunci\u00f3 que ma\u00f1ana se movilizar\u00e1n de forma masiva en la capital en lo que [&hellip;]<\/p>\n","protected":false},"author":4,"featured_media":10798,"comment_status":"open","ping_status":"open","sticky":false,"template":"","format":"standard","meta":{"_monsterinsights_skip_tracking":false,"_monsterinsights_sitenote_active":false,"_monsterinsights_sitenote_note":"","_monsterinsights_sitenote_category":0,"footnotes":"","jetpack_publicize_message":"","jetpack_is_tweetstorm":false,"jetpack_publicize_feature_enabled":true},"categories":[177],"tags":[1118,1036,505,518],"ppma_author":[1051],"class_list":["post-10797","post","type-post","status-publish","format-standard","has-post-thumbnail","hentry","category-nacionales","tag-campesinos","tag-destacada","tag-marcha-campesina","tag-marcha-campesinos"],"jetpack_publicize_connections":[],"yoast_head":"<!-- This site is optimized with the Yoast SEO plugin v27.5 - https:\/\/yoast.com\/product\/yoast-seo-wordpress\/ -->\n<title>Teodolina Villalba asegur\u00f3 que no se mover\u00e1n de Asunci\u00f3n hasta la derogaci\u00f3n de la ley que criminaliza las invasiones - Informatepy<\/title>\n<meta name=\"robots\" content=\"index, follow, max-snippet:-1, max-image-preview:large, max-video-preview:-1\" \/>\n<link rel=\"canonical\" href=\"https:\/\/informatepy.com\/2021\/2022\/03\/23\/teodolina-villalba-aseguro-que-no-se-moveran-de-asuncion-hasta-la-derogacion-de-la-ley-que-criminaliza-las-invasiones\/\" \/>\n<meta property=\"og:locale\" content=\"es_ES\" \/>\n<meta property=\"og:type\" content=\"article\" \/>\n<meta property=\"og:title\" content=\"Teodolina Villalba asegur\u00f3 que no se mover\u00e1n de Asunci\u00f3n hasta la derogaci\u00f3n de la ley que criminaliza las invasiones - Informatepy\" \/>\n<meta property=\"og:description\" content=\"En el marco de las protestas organizadas en la ciudad de Asunci\u00f3n, la dirigente de la Federaci\u00f3n Nacional Campesina (FNC), Teodolina Villalba, asegur\u00f3 que no se mover\u00e1n de la capital hasta que se responsa a los pedidos planteados por su sector. Anunci\u00f3 que ma\u00f1ana se movilizar\u00e1n de forma masiva en la capital en lo que [&hellip;]\" \/>\n<meta property=\"og:url\" content=\"https:\/\/informatepy.com\/2021\/2022\/03\/23\/teodolina-villalba-aseguro-que-no-se-moveran-de-asuncion-hasta-la-derogacion-de-la-ley-que-criminaliza-las-invasiones\/\" \/>\n<meta property=\"og:site_name\" content=\"Informatepy\" \/>\n<meta property=\"article:author\" content=\"https:\/\/www.facebook.com\/InformatePyCom\" \/>\n<meta property=\"article:published_time\" content=\"2022-03-23T19:25:36+00:00\" \/>\n<meta property=\"article:modified_time\" content=\"2022-03-23T19:25:39+00:00\" \/>\n<meta property=\"og:image\" content=\"https:\/\/informatepy.com\/2021\/wp-content\/uploads\/2022\/03\/marcha-campesina-2022.jpg\" \/>\n\t<meta property=\"og:image:width\" content=\"810\" \/>\n\t<meta property=\"og:image:height\" content=\"456\" \/>\n\t<meta property=\"og:image:type\" content=\"image\/jpeg\" \/>\n<meta name=\"author\" content=\"Redacci\u00f3n\" \/>\n<meta name=\"twitter:card\" content=\"summary_large_image\" \/>\n<meta name=\"twitter:creator\" content=\"@https:\/\/twitter.com\/InformatePy1\" \/>\n<meta name=\"twitter:label1\" content=\"Escrito por\" \/>\n\t<meta name=\"twitter:data1\" content=\"Redacci\u00f3n\" \/>\n\t<meta name=\"twitter:label2\" content=\"Tiempo de lectura\" \/>\n\t<meta name=\"twitter:data2\" content=\"1 minuto\" \/>\n<script type=\"application\/ld+json\" class=\"yoast-schema-graph\">{\"@context\":\"https:\\\/\\\/schema.org\",\"@graph\":[{\"@type\":\"Article\",\"@id\":\"https:\\\/\\\/informatepy.com\\\/2021\\\/2022\\\/03\\\/23\\\/teodolina-villalba-aseguro-que-no-se-moveran-de-asuncion-hasta-la-derogacion-de-la-ley-que-criminaliza-las-invasiones\\\/#article\",\"isPartOf\":{\"@id\":\"https:\\\/\\\/informatepy.com\\\/2021\\\/2022\\\/03\\\/23\\\/teodolina-villalba-aseguro-que-no-se-moveran-de-asuncion-hasta-la-derogacion-de-la-ley-que-criminaliza-las-invasiones\\\/\"},\"author\":{\"name\":\"Redacci\u00f3n\",\"@id\":\"https:\\\/\\\/informatepy.com\\\/2021\\\/#\\\/schema\\\/person\\\/0c842f525f84ea74ef3b44370d11757b\"},\"headline\":\"Teodolina Villalba asegur\u00f3 que no se mover\u00e1n de Asunci\u00f3n hasta la derogaci\u00f3n de la ley que criminaliza las invasiones\",\"datePublished\":\"2022-03-23T19:25:36+00:00\",\"dateModified\":\"2022-03-23T19:25:39+00:00\",\"mainEntityOfPage\":{\"@id\":\"https:\\\/\\\/informatepy.com\\\/2021\\\/2022\\\/03\\\/23\\\/teodolina-villalba-aseguro-que-no-se-moveran-de-asuncion-hasta-la-derogacion-de-la-ley-que-criminaliza-las-invasiones\\\/\"},\"wordCount\":109,\"commentCount\":0,\"publisher\":{\"@id\":\"https:\\\/\\\/informatepy.com\\\/2021\\\/#\\\/schema\\\/person\\\/edd302c981d6ba4596191719d1025a8a\"},\"image\":{\"@id\":\"https:\\\/\\\/informatepy.com\\\/2021\\\/2022\\\/03\\\/23\\\/teodolina-villalba-aseguro-que-no-se-moveran-de-asuncion-hasta-la-derogacion-de-la-ley-que-criminaliza-las-invasiones\\\/#primaryimage\"},\"thumbnailUrl\":\"https:\\\/\\\/i0.wp.com\\\/informatepy.com\\\/2021\\\/wp-content\\\/uploads\\\/2022\\\/03\\\/marcha-campesina-2022.jpg?fit=810%2C456&ssl=1\",\"keywords\":[\"campesinos\",\"destacada\",\"marcha campesina\",\"marcha campesinos\"],\"articleSection\":[\"Nacionales\"],\"inLanguage\":\"es\",\"potentialAction\":[{\"@type\":\"CommentAction\",\"name\":\"Comment\",\"target\":[\"https:\\\/\\\/informatepy.com\\\/2021\\\/2022\\\/03\\\/23\\\/teodolina-villalba-aseguro-que-no-se-moveran-de-asuncion-hasta-la-derogacion-de-la-ley-que-criminaliza-las-invasiones\\\/#respond\"]}]},{\"@type\":\"WebPage\",\"@id\":\"https:\\\/\\\/informatepy.com\\\/2021\\\/2022\\\/03\\\/23\\\/teodolina-villalba-aseguro-que-no-se-moveran-de-asuncion-hasta-la-derogacion-de-la-ley-que-criminaliza-las-invasiones\\\/\",\"url\":\"https:\\\/\\\/informatepy.com\\\/2021\\\/2022\\\/03\\\/23\\\/teodolina-villalba-aseguro-que-no-se-moveran-de-asuncion-hasta-la-derogacion-de-la-ley-que-criminaliza-las-invasiones\\\/\",\"name\":\"Teodolina Villalba asegur\u00f3 que no se mover\u00e1n de Asunci\u00f3n hasta la derogaci\u00f3n de la ley que criminaliza las invasiones - Informatepy\",\"isPartOf\":{\"@id\":\"https:\\\/\\\/informatepy.com\\\/2021\\\/#website\"},\"primaryImageOfPage\":{\"@id\":\"https:\\\/\\\/informatepy.com\\\/2021\\\/2022\\\/03\\\/23\\\/teodolina-villalba-aseguro-que-no-se-moveran-de-asuncion-hasta-la-derogacion-de-la-ley-que-criminaliza-las-invasiones\\\/#primaryimage\"},\"image\":{\"@id\":\"https:\\\/\\\/informatepy.com\\\/2021\\\/2022\\\/03\\\/23\\\/teodolina-villalba-aseguro-que-no-se-moveran-de-asuncion-hasta-la-derogacion-de-la-ley-que-criminaliza-las-invasiones\\\/#primaryimage\"},\"thumbnailUrl\":\"https:\\\/\\\/i0.wp.com\\\/informatepy.com\\\/2021\\\/wp-content\\\/uploads\\\/2022\\\/03\\\/marcha-campesina-2022.jpg?fit=810%2C456&ssl=1\",\"datePublished\":\"2022-03-23T19:25:36+00:00\",\"dateModified\":\"2022-03-23T19:25:39+00:00\",\"breadcrumb\":{\"@id\":\"https:\\\/\\\/informatepy.com\\\/2021\\\/2022\\\/03\\\/23\\\/teodolina-villalba-aseguro-que-no-se-moveran-de-asuncion-hasta-la-derogacion-de-la-ley-que-criminaliza-las-invasiones\\\/#breadcrumb\"},\"inLanguage\":\"es\",\"potentialAction\":[{\"@type\":\"ReadAction\",\"target\":[\"https:\\\/\\\/informatepy.com\\\/2021\\\/2022\\\/03\\\/23\\\/teodolina-villalba-aseguro-que-no-se-moveran-de-asuncion-hasta-la-derogacion-de-la-ley-que-criminaliza-las-invasiones\\\/\"]}]},{\"@type\":\"ImageObject\",\"inLanguage\":\"es\",\"@id\":\"https:\\\/\\\/informatepy.com\\\/2021\\\/2022\\\/03\\\/23\\\/teodolina-villalba-aseguro-que-no-se-moveran-de-asuncion-hasta-la-derogacion-de-la-ley-que-criminaliza-las-invasiones\\\/#primaryimage\",\"url\":\"https:\\\/\\\/i0.wp.com\\\/informatepy.com\\\/2021\\\/wp-content\\\/uploads\\\/2022\\\/03\\\/marcha-campesina-2022.jpg?fit=810%2C456&ssl=1\",\"contentUrl\":\"https:\\\/\\\/i0.wp.com\\\/informatepy.com\\\/2021\\\/wp-content\\\/uploads\\\/2022\\\/03\\\/marcha-campesina-2022.jpg?fit=810%2C456&ssl=1\",\"width\":810,\"height\":456},{\"@type\":\"BreadcrumbList\",\"@id\":\"https:\\\/\\\/informatepy.com\\\/2021\\\/2022\\\/03\\\/23\\\/teodolina-villalba-aseguro-que-no-se-moveran-de-asuncion-hasta-la-derogacion-de-la-ley-que-criminaliza-las-invasiones\\\/#breadcrumb\",\"itemListElement\":[{\"@type\":\"ListItem\",\"position\":1,\"name\":\"Portada\",\"item\":\"https:\\\/\\\/informatepy.com\\\/2021\\\/\"},{\"@type\":\"ListItem\",\"position\":2,\"name\":\"Teodolina Villalba asegur\u00f3 que no se mover\u00e1n de Asunci\u00f3n hasta la derogaci\u00f3n de la ley que criminaliza las invasiones\"}]},{\"@type\":\"WebSite\",\"@id\":\"https:\\\/\\\/informatepy.com\\\/2021\\\/#website\",\"url\":\"https:\\\/\\\/informatepy.com\\\/2021\\\/\",\"name\":\"Informatepy\",\"description\":\"La verdad, siempre!\",\"publisher\":{\"@id\":\"https:\\\/\\\/informatepy.com\\\/2021\\\/#\\\/schema\\\/person\\\/edd302c981d6ba4596191719d1025a8a\"},\"potentialAction\":[{\"@type\":\"SearchAction\",\"target\":{\"@type\":\"EntryPoint\",\"urlTemplate\":\"https:\\\/\\\/informatepy.com\\\/2021\\\/?s={search_term_string}\"},\"query-input\":{\"@type\":\"PropertyValueSpecification\",\"valueRequired\":true,\"valueName\":\"search_term_string\"}}],\"inLanguage\":\"es\"},{\"@type\":[\"Person\",\"Organization\"],\"@id\":\"https:\\\/\\\/informatepy.com\\\/2021\\\/#\\\/schema\\\/person\\\/edd302c981d6ba4596191719d1025a8a\",\"name\":\"admin\",\"image\":{\"@type\":\"ImageObject\",\"inLanguage\":\"es\",\"@id\":\"https:\\\/\\\/secure.gravatar.com\\\/avatar\\\/5310f602b6cbcfb86e030c4ccdbb78f6565a3b9bab6a74ab80fd3cb5428b65af?s=96&d=mm&r=g\",\"url\":\"https:\\\/\\\/secure.gravatar.com\\\/avatar\\\/5310f602b6cbcfb86e030c4ccdbb78f6565a3b9bab6a74ab80fd3cb5428b65af?s=96&d=mm&r=g\",\"contentUrl\":\"https:\\\/\\\/secure.gravatar.com\\\/avatar\\\/5310f602b6cbcfb86e030c4ccdbb78f6565a3b9bab6a74ab80fd3cb5428b65af?s=96&d=mm&r=g\",\"caption\":\"admin\"},\"logo\":{\"@id\":\"https:\\\/\\\/secure.gravatar.com\\\/avatar\\\/5310f602b6cbcfb86e030c4ccdbb78f6565a3b9bab6a74ab80fd3cb5428b65af?s=96&d=mm&r=g\"},\"sameAs\":[\"http:\\\/\\\/informatepy.com\\\/2021\"]},{\"@type\":\"Person\",\"@id\":\"https:\\\/\\\/informatepy.com\\\/2021\\\/#\\\/schema\\\/person\\\/0c842f525f84ea74ef3b44370d11757b\",\"name\":\"Redacci\u00f3n\",\"image\":{\"@type\":\"ImageObject\",\"inLanguage\":\"es\",\"@id\":\"https:\\\/\\\/i0.wp.com\\\/informatepy.com\\\/2021\\\/wp-content\\\/uploads\\\/2021\\\/02\\\/informate-circulo.png?fit=96%2C96&ssl=1\",\"url\":\"https:\\\/\\\/i0.wp.com\\\/informatepy.com\\\/2021\\\/wp-content\\\/uploads\\\/2021\\\/02\\\/informate-circulo.png?fit=96%2C96&ssl=1\",\"contentUrl\":\"https:\\\/\\\/i0.wp.com\\\/informatepy.com\\\/2021\\\/wp-content\\\/uploads\\\/2021\\\/02\\\/informate-circulo.png?fit=96%2C96&ssl=1\",\"caption\":\"Redacci\u00f3n\"},\"sameAs\":[\"https:\\\/\\\/www.facebook.com\\\/InformatePyCom\",\"https:\\\/\\\/x.com\\\/https:\\\/\\\/twitter.com\\\/InformatePy1\"],\"url\":\"https:\\\/\\\/informatepy.com\\\/2021\\\/author\\\/redaccion\\\/\"}]}<\/script>\n<!-- \/ Yoast SEO plugin. -->","yoast_head_json":{"title":"Teodolina Villalba asegur\u00f3 que no se mover\u00e1n de Asunci\u00f3n hasta la derogaci\u00f3n de la ley que criminaliza las invasiones - Informatepy","robots":{"index":"index","follow":"follow","max-snippet":"max-snippet:-1","max-image-preview":"max-image-preview:large","max-video-preview":"max-video-preview:-1"},"canonical":"https:\/\/informatepy.com\/2021\/2022\/03\/23\/teodolina-villalba-aseguro-que-no-se-moveran-de-asuncion-hasta-la-derogacion-de-la-ley-que-criminaliza-las-invasiones\/","og_locale":"es_ES","og_type":"article","og_title":"Teodolina Villalba asegur\u00f3 que no se mover\u00e1n de Asunci\u00f3n hasta la derogaci\u00f3n de la ley que criminaliza las invasiones - Informatepy","og_description":"En el marco de las protestas organizadas en la ciudad de Asunci\u00f3n, la dirigente de la Federaci\u00f3n Nacional Campesina (FNC), Teodolina Villalba, asegur\u00f3 que no se mover\u00e1n de la capital hasta que se responsa a los pedidos planteados por su sector. Anunci\u00f3 que ma\u00f1ana se movilizar\u00e1n de forma masiva en la capital en lo que [&hellip;]","og_url":"https:\/\/informatepy.com\/2021\/2022\/03\/23\/teodolina-villalba-aseguro-que-no-se-moveran-de-asuncion-hasta-la-derogacion-de-la-ley-que-criminaliza-las-invasiones\/","og_site_name":"Informatepy","article_author":"https:\/\/www.facebook.com\/InformatePyCom","article_published_time":"2022-03-23T19:25:36+00:00","article_modified_time":"2022-03-23T19:25:39+00:00","og_image":[{"width":810,"height":456,"url":"https:\/\/informatepy.com\/2021\/wp-content\/uploads\/2022\/03\/marcha-campesina-2022.jpg","type":"image\/jpeg"}],"author":"Redacci\u00f3n","twitter_card":"summary_large_image","twitter_creator":"@https:\/\/twitter.com\/InformatePy1","twitter_misc":{"Escrito por":"Redacci\u00f3n","Tiempo de lectura":"1 minuto"},"schema":{"@context":"https:\/\/schema.org","@graph":[{"@type":"Article","@id":"https:\/\/informatepy.com\/2021\/2022\/03\/23\/teodolina-villalba-aseguro-que-no-se-moveran-de-asuncion-hasta-la-derogacion-de-la-ley-que-criminaliza-las-invasiones\/#article","isPartOf":{"@id":"https:\/\/informatepy.com\/2021\/2022\/03\/23\/teodolina-villalba-aseguro-que-no-se-moveran-de-asuncion-hasta-la-derogacion-de-la-ley-que-criminaliza-las-invasiones\/"},"author":{"name":"Redacci\u00f3n","@id":"https:\/\/informatepy.com\/2021\/#\/schema\/person\/0c842f525f84ea74ef3b44370d11757b"},"headline":"Teodolina Villalba asegur\u00f3 que no se mover\u00e1n de Asunci\u00f3n hasta la derogaci\u00f3n de la ley que criminaliza las invasiones","datePublished":"2022-03-23T19:25:36+00:00","dateModified":"2022-03-23T19:25:39+00:00","mainEntityOfPage":{"@id":"https:\/\/informatepy.com\/2021\/2022\/03\/23\/teodolina-villalba-aseguro-que-no-se-moveran-de-asuncion-hasta-la-derogacion-de-la-ley-que-criminaliza-las-invasiones\/"},"wordCount":109,"commentCount":0,"publisher":{"@id":"https:\/\/informatepy.com\/2021\/#\/schema\/person\/edd302c981d6ba4596191719d1025a8a"},"image":{"@id":"https:\/\/informatepy.com\/2021\/2022\/03\/23\/teodolina-villalba-aseguro-que-no-se-moveran-de-asuncion-hasta-la-derogacion-de-la-ley-que-criminaliza-las-invasiones\/#primaryimage"},"thumbnailUrl":"https:\/\/i0.wp.com\/informatepy.com\/2021\/wp-content\/uploads\/2022\/03\/marcha-campesina-2022.jpg?fit=810%2C456&ssl=1","keywords":["campesinos","destacada","marcha campesina","marcha campesinos"],"articleSection":["Nacionales"],"inLanguage":"es","potentialAction":[{"@type":"CommentAction","name":"Comment","target":["https:\/\/informatepy.com\/2021\/2022\/03\/23\/teodolina-villalba-aseguro-que-no-se-moveran-de-asuncion-hasta-la-derogacion-de-la-ley-que-criminaliza-las-invasiones\/#respond"]}]},{"@type":"WebPage","@id":"https:\/\/informatepy.com\/2021\/2022\/03\/23\/teodolina-villalba-aseguro-que-no-se-moveran-de-asuncion-hasta-la-derogacion-de-la-ley-que-criminaliza-las-invasiones\/","url":"https:\/\/informatepy.com\/2021\/2022\/03\/23\/teodolina-villalba-aseguro-que-no-se-moveran-de-asuncion-hasta-la-derogacion-de-la-ley-que-criminaliza-las-invasiones\/","name":"Teodolina Villalba asegur\u00f3 que no se mover\u00e1n de Asunci\u00f3n hasta la derogaci\u00f3n de la ley que criminaliza las invasiones - Informatepy","isPartOf":{"@id":"https:\/\/informatepy.com\/2021\/#website"},"primaryImageOfPage":{"@id":"https:\/\/informatepy.com\/2021\/2022\/03\/23\/teodolina-villalba-aseguro-que-no-se-moveran-de-asuncion-hasta-la-derogacion-de-la-ley-que-criminaliza-las-invasiones\/#primaryimage"},"image":{"@id":"https:\/\/informatepy.com\/2021\/2022\/03\/23\/teodolina-villalba-aseguro-que-no-se-moveran-de-asuncion-hasta-la-derogacion-de-la-ley-que-criminaliza-las-invasiones\/#primaryimage"},"thumbnailUrl":"https:\/\/i0.wp.com\/informatepy.com\/2021\/wp-content\/uploads\/2022\/03\/marcha-campesina-2022.jpg?fit=810%2C456&ssl=1","datePublished":"2022-03-23T19:25:36+00:00","dateModified":"2022-03-23T19:25:39+00:00","breadcrumb":{"@id":"https:\/\/informatepy.com\/2021\/2022\/03\/23\/teodolina-villalba-aseguro-que-no-se-moveran-de-asuncion-hasta-la-derogacion-de-la-ley-que-criminaliza-las-invasiones\/#breadcrumb"},"inLanguage":"es","potentialAction":[{"@type":"ReadAction","target":["https:\/\/informatepy.com\/2021\/2022\/03\/23\/teodolina-villalba-aseguro-que-no-se-moveran-de-asuncion-hasta-la-derogacion-de-la-ley-que-criminaliza-las-invasiones\/"]}]},{"@type":"ImageObject","inLanguage":"es","@id":"https:\/\/informatepy.com\/2021\/2022\/03\/23\/teodolina-villalba-aseguro-que-no-se-moveran-de-asuncion-hasta-la-derogacion-de-la-ley-que-criminaliza-las-invasiones\/#primaryimage","url":"https:\/\/i0.wp.com\/informatepy.com\/2021\/wp-content\/uploads\/2022\/03\/marcha-campesina-2022.jpg?fit=810%2C456&ssl=1","contentUrl":"https:\/\/i0.wp.com\/informatepy.com\/2021\/wp-content\/uploads\/2022\/03\/marcha-campesina-2022.jpg?fit=810%2C456&ssl=1","width":810,"height":456},{"@type":"BreadcrumbList","@id":"https:\/\/informatepy.com\/2021\/2022\/03\/23\/teodolina-villalba-aseguro-que-no-se-moveran-de-asuncion-hasta-la-derogacion-de-la-ley-que-criminaliza-las-invasiones\/#breadcrumb","itemListElement":[{"@type":"ListItem","position":1,"name":"Portada","item":"https:\/\/informatepy.com\/2021\/"},{"@type":"ListItem","position":2,"name":"Teodolina Villalba asegur\u00f3 que no se mover\u00e1n de Asunci\u00f3n hasta la derogaci\u00f3n de la ley que criminaliza las invasiones"}]},{"@type":"WebSite","@id":"https:\/\/informatepy.com\/2021\/#website","url":"https:\/\/informatepy.com\/2021\/","name":"Informatepy","description":"La verdad, siempre!","publisher":{"@id":"https:\/\/informatepy.com\/2021\/#\/schema\/person\/edd302c981d6ba4596191719d1025a8a"},"potentialAction":[{"@type":"SearchAction","target":{"@type":"EntryPoint","urlTemplate":"https:\/\/informatepy.com\/2021\/?s={search_term_string}"},"query-input":{"@type":"PropertyValueSpecification","valueRequired":true,"valueName":"search_term_string"}}],"inLanguage":"es"},{"@type":["Person","Organization"],"@id":"https:\/\/informatepy.com\/2021\/#\/schema\/person\/edd302c981d6ba4596191719d1025a8a","name":"admin","image":{"@type":"ImageObject","inLanguage":"es","@id":"https:\/\/secure.gravatar.com\/avatar\/5310f602b6cbcfb86e030c4ccdbb78f6565a3b9bab6a74ab80fd3cb5428b65af?s=96&d=mm&r=g","url":"https:\/\/secure.gravatar.com\/avatar\/5310f602b6cbcfb86e030c4ccdbb78f6565a3b9bab6a74ab80fd3cb5428b65af?s=96&d=mm&r=g","contentUrl":"https:\/\/secure.gravatar.com\/avatar\/5310f602b6cbcfb86e030c4ccdbb78f6565a3b9bab6a74ab80fd3cb5428b65af?s=96&d=mm&r=g","caption":"admin"},"logo":{"@id":"https:\/\/secure.gravatar.com\/avatar\/5310f602b6cbcfb86e030c4ccdbb78f6565a3b9bab6a74ab80fd3cb5428b65af?s=96&d=mm&r=g"},"sameAs":["http:\/\/informatepy.com\/2021"]},{"@type":"Person","@id":"https:\/\/informatepy.com\/2021\/#\/schema\/person\/0c842f525f84ea74ef3b44370d11757b","name":"Redacci\u00f3n","image":{"@type":"ImageObject","inLanguage":"es","@id":"https:\/\/i0.wp.com\/informatepy.com\/2021\/wp-content\/uploads\/2021\/02\/informate-circulo.png?fit=96%2C96&ssl=1","url":"https:\/\/i0.wp.com\/informatepy.com\/2021\/wp-content\/uploads\/2021\/02\/informate-circulo.png?fit=96%2C96&ssl=1","contentUrl":"https:\/\/i0.wp.com\/informatepy.com\/2021\/wp-content\/uploads\/2021\/02\/informate-circulo.png?fit=96%2C96&ssl=1","caption":"Redacci\u00f3n"},"sameAs":["https:\/\/www.facebook.com\/InformatePyCom","https:\/\/x.com\/https:\/\/twitter.com\/InformatePy1"],"url":"https:\/\/informatepy.com\/2021\/author\/redaccion\/"}]}},"jetpack_featured_media_url":"https:\/\/i0.wp.com\/informatepy.com\/2021\/wp-content\/uploads\/2022\/03\/marcha-campesina-2022.jpg?fit=810%2C456&ssl=1","jetpack_sharing_enabled":true,"jetpack_likes_enabled":true,"jetpack-related-posts":[{"id":9799,"url":"https:\/\/informatepy.com\/2021\/2022\/01\/28\/la-federacion-nacional-campesina-prepara-movilizaciones-para-el-28-de-febrero\/","url_meta":{"origin":10797,"position":0},"title":"La Federaci\u00f3n Nacional Campesina prepara movilizaciones para el 28 de febrero","date":"28 de enero de 2022","format":false,"excerpt":"Dirigentes y miembros de la Federaci\u00f3n Nacional Campesina (FNC), encabezados por Teodolina Villalba, se reunieron para ultimar detalles de cara a las movilizaciones previstas desde el 28 de febrero en contra de la ley que criminaliza las invasiones. \"Exigimos la derogaci\u00f3n de la ley, legalizaci\u00f3n de los asentamientos y una\u2026","rel":"","context":"En \u00abNacionales\u00bb","img":{"alt_text":"","src":"https:\/\/i0.wp.com\/informatepy.com\/2021\/wp-content\/uploads\/2022\/01\/teodolina-villalba-federacion-nacional-campesina.jpg?fit=1200%2C900&ssl=1&resize=350%2C200","width":350,"height":200},"classes":[]},{"id":10770,"url":"https:\/\/informatepy.com\/2021\/2022\/03\/23\/no-quieren-nada-propiedades-congelamiento-de-deudas-moratoria-derogacion-de-leyes-y-liberacion-de-presos-politicos\/","url_meta":{"origin":10797,"position":1},"title":"No quieren nada: Propiedades, congelamiento de deudas, moratoria, derogaci\u00f3n de leyes y liberaci\u00f3n de \u00abpresos pol\u00edticos\u00bb","date":"23 de marzo de 2022","format":false,"excerpt":"Organizaciones campesinas e ind\u00edgenas solicitaron a trav\u00e9s del Congreso Nacional convocar a los tres poderes del Estado, para que sean atendidas sus exigencias, entre ellas la derogaci\u00f3n de la ley que criminaliza las invasiones. Como era de esperarse, los manifestantes entablaron una mesa de di\u00e1logo en la C\u00e1mara de Senadores\u2026","rel":"","context":"En \u00abNacionales\u00bb","img":{"alt_text":"","src":"https:\/\/i0.wp.com\/informatepy.com\/2021\/wp-content\/uploads\/2022\/03\/marcha-campesina.webp?fit=822%2C462&ssl=1&resize=350%2C200","width":350,"height":200},"classes":[]},{"id":10634,"url":"https:\/\/informatepy.com\/2021\/2022\/03\/15\/campesinos-luchan-por-legalizar-las-ocupaciones\/","url_meta":{"origin":10797,"position":2},"title":"Campesinos \u00abluchan\u00bb por legalizar las ocupaciones","date":"15 de marzo de 2022","format":false,"excerpt":"La Plenaria Nacional de Organizaciones Campesinas e Ind\u00edgenas llev\u00f3 a cabo ayer una conferencia de prensa donde se realiz\u00f3 el lanzamiento de la Lucha prolongada contra todas las injusticias. Seg\u00fan las declaraciones, suman a las protestas contra la suba del combustible y el pasaje, sus propios reclamos, como la derogaci\u00f3n\u2026","rel":"","context":"En \u00abNacionales\u00bb","img":{"alt_text":"","src":"https:\/\/i0.wp.com\/informatepy.com\/2021\/wp-content\/uploads\/2021\/03\/marcha-campesina.jpg?fit=760%2C420&ssl=1&resize=350%2C200","width":350,"height":200},"classes":[]},{"id":12001,"url":"https:\/\/informatepy.com\/2021\/2022\/06\/07\/ahi-vamos-de-nuevo-campesinos-se-movilizan-para-exigir-ayuda-al-estado\/","url_meta":{"origin":10797,"position":3},"title":"Ah\u00ed vamos de nuevo: Campesinos se movilizan para exigir ayuda al Estado","date":"7 de junio de 2022","format":false,"excerpt":"Imagen ilustrativa Desde las 9 h de hoy, los agremiados a la Federaci\u00f3n Nacional Campesina (FNC) se movilizan para exigir al gobierno ayuda para el campo, donde los peque\u00f1os productores est\u00e1n pasando hambre, seg\u00fan la dirigente Teodolina Villalba. La l\u00edder de los campesinos mencion\u00f3 que los departamentos afectados por la\u2026","rel":"","context":"En \u00abNacionales\u00bb","img":{"alt_text":"","src":"https:\/\/i0.wp.com\/informatepy.com\/2021\/wp-content\/uploads\/2022\/03\/marcha-campesina-2022.jpg?fit=810%2C456&ssl=1&resize=350%2C200","width":350,"height":200},"classes":[]},{"id":964,"url":"https:\/\/informatepy.com\/2021\/2019\/03\/27\/campesinos-e-indigenas-comienzan-a-cerrar-rutas\/","url_meta":{"origin":10797,"position":4},"title":"Campesinos e ind\u00edgenas comienzan a cerrar rutas","date":"27 de marzo de 2019","format":false,"excerpt":"Los puntos en donde se concentran las protestas en el interior del pa\u00eds son: Azotey, Concepci\u00f3n; Santa Rosa del Aguaray-Cruce Liberaci\u00f3n-Cruce Seis Mil, San Pedro Cruce Yasy Ca\u00f1y y Cruce Carolina, Canindey\u00fa Cruce Bella Vista, Amambay, donde con arcos y flechas los ind\u00edgenas se instalaron en ambas calzadas. La Polic\u00eda\u2026","rel":"","context":"En \u00abNacionales\u00bb","img":{"alt_text":"","src":"https:\/\/i0.wp.com\/informatepy.com\/2021\/wp-content\/uploads\/2021\/03\/marcha-campesinos.jpg?fit=760%2C420&ssl=1&resize=350%2C200","width":350,"height":200},"classes":[]},{"id":10781,"url":"https:\/\/informatepy.com\/2021\/2022\/03\/22\/campesinos-invaden-la-estacion-central-del-ferrocarril\/","url_meta":{"origin":10797,"position":5},"title":"Campesinos invaden la estaci\u00f3n central del ferrocarril","date":"22 de marzo de 2022","format":false,"excerpt":"Lauro Ram\u00edrez L\u00f3pez, Presidente de Ferrocarriles del Paraguay S.A. (FEPASA) comunic\u00f3 a trav\u00e9s de sus redes sociales que campesinos est\u00e1n invadiendo la hist\u00f3rica estaci\u00f3n central de ferrocarriles de Asunci\u00f3n. \"La hist\u00f3rica estaci\u00f3n central del ferrocarril est\u00e1 siendo invadida por campesinos. Rompieron el port\u00f3n e ingresaron a la fuerza. Nuestro patrimonio\u2026","rel":"","context":"En \u00abNacionales\u00bb","img":{"alt_text":"","src":"https:\/\/i0.wp.com\/informatepy.com\/2021\/wp-content\/uploads\/2022\/03\/campesinos-estacion-central-tren.png?fit=1081%2C609&ssl=1&resize=350%2C200","width":350,"height":200},"classes":[]}],"authors":[{"term_id":1051,"user_id":4,"is_guest":0,"slug":"redaccion","display_name":"Redacci\u00f3n","avatar_url":"https:\/\/i0.wp.com\/informatepy.com\/2021\/wp-content\/uploads\/2021\/02\/informate-circulo.png?fit=96%2C96&ssl=1","first_name":"Redacci\u00f3n","last_name":"","user_url":"","description":""}],"amp_enabled":true,"_links":{"self":[{"href":"https:\/\/informatepy.com\/2021\/wp-json\/wp\/v2\/posts\/10797","targetHints":{"allow":["GET"]}}],"collection":[{"href":"https:\/\/informatepy.com\/2021\/wp-json\/wp\/v2\/posts"}],"about":[{"href":"https:\/\/informatepy.com\/2021\/wp-json\/wp\/v2\/types\/post"}],"author":[{"embeddable":true,"href":"https:\/\/informatepy.com\/2021\/wp-json\/wp\/v2\/users\/4"}],"replies":[{"embeddable":true,"href":"https:\/\/informatepy.com\/2021\/wp-json\/wp\/v2\/comments?post=10797"}],"version-history":[{"count":1,"href":"https:\/\/informatepy.com\/2021\/wp-json\/wp\/v2\/posts\/10797\/revisions"}],"predecessor-version":[{"id":10799,"href":"https:\/\/informatepy.com\/2021\/wp-json\/wp\/v2\/posts\/10797\/revisions\/10799"}],"wp:featuredmedia":[{"embeddable":true,"href":"https:\/\/informatepy.com\/2021\/wp-json\/wp\/v2\/media\/10798"}],"wp:attachment":[{"href":"https:\/\/informatepy.com\/2021\/wp-json\/wp\/v2\/media?parent=10797"}],"wp:term":[{"taxonomy":"category","embeddable":true,"href":"https:\/\/informatepy.com\/2021\/wp-json\/wp\/v2\/categories?post=10797"},{"taxonomy":"post_tag","embeddable":true,"href":"https:\/\/informatepy.com\/2021\/wp-json\/wp\/v2\/tags?post=10797"},{"taxonomy":"author","embeddable":true,"href":"https:\/\/informatepy.com\/2021\/wp-json\/wp\/v2\/ppma_author?post=10797"}],"curies":[{"name":"wp","href":"https:\/\/api.w.org\/{rel}","templated":true}]}}