{"id":10564,"date":"2022-03-12T08:37:52","date_gmt":"2022-03-12T11:37:52","guid":{"rendered":"https:\/\/informatepy.com\/2021\/?p=10564"},"modified":"2022-03-12T08:37:55","modified_gmt":"2022-03-12T11:37:55","slug":"que-boludos","status":"publish","type":"post","link":"https:\/\/informatepy.com\/2021\/2022\/03\/12\/que-boludos\/","title":{"rendered":"\u00a1Qu\u00e9 boludos!"},"content":{"rendered":"\n<p class=\"has-text-align-justify\">D\u00edas atr\u00e1s, mientras participaba de un programa radial en mi natal Cochabamba, un oyente llam\u00f3 a la radio para decirme: <strong><em>\u00ab\u00a1Qu\u00e9 personaje m\u00e1s maldito! \u00a1Qu\u00e9 falta tan grande de empat\u00eda!\u00bb<\/em><\/strong>. Ante semejante sentencia, cualquiera pensar\u00eda que yo, un humilde profesor de econom\u00eda, hice un llamado para acabar con alg\u00fan grupo racial. Pero no. Mi\u00a0<strong><em>delito<\/em>\u00a0<\/strong>fue afirmar que ni la educaci\u00f3n ni la salud son derechos, sino servicios de naturaleza privada. Obviamente, el furibundo oyente ten\u00eda toda la libertad de refutar mi tesis. Sin embargo, en lugar de contraargumentar, apel\u00f3 a los sentimientos.<\/p>\n\n\n\n<p class=\"has-text-align-justify\">Episodios como el descrito son cada vez m\u00e1s frecuentes. Entonces vale la pregunta \u00bfCu\u00e1l es el origen de esa forma de actuar tan hormonal con aquel que piensa distinto? Las causas son muchas. Empero, mi larga carrera al interior de las aulas universitarias me permite identificar una:&nbsp;<strong>el modelo educativo boliviano<\/strong>.<\/p>\n\n\n\n<p class=\"has-text-align-justify\">El joven boliviano es sometido durante varias d\u00e9cadas al catecismo de la izquierda, antes cl\u00e1sica, ahora posmoderna. Es como un actor al que se obliga siempre a representar el mismo personaje, incluso fuera del escenario. Con el tiempo, la distinci\u00f3n entre la actuaci\u00f3n y la vida real se pierde.<\/p>\n\n\n\n<p class=\"has-text-align-justify\">Acostumbrado a tomar como \u00fanica referencia la bibliograf\u00eda que compone el universo mental de la izquierda militante, y a mirar con miedo y desprecio todo lo dem\u00e1s, el estudiante no s\u00f3lo se encierra en un provincianismo que imagina el centro del mundo, sino que realmente pierde la capacidad de aprender. Los a\u00f1os de escuela y universidad lo reducen a un simple repetidor de clich\u00e9s. Por ejemplo, la redistribuci\u00f3n de la riqueza.<\/p>\n\n\n\n<p class=\"has-text-align-justify\">De ah\u00ed que sus reacciones sean<strong>&nbsp;el odio y el asco contra cualquiera que diga cosas contrarias al catecismo que memoriz\u00f3 desde el k\u00ednder hasta la universidad<\/strong>. No est\u00e1 convencido de aquello que aprendi\u00f3 en la aulas \u2015de estarlo, reaccionaria con el cerebro, y no con el est\u00f3mago\u2015, sino que es incapaz de desprenderse del guion oficial. No puede digerir el haber sido enga\u00f1ado durante tanto tiempo.<\/p>\n\n\n\n<p class=\"has-text-align-justify\">El colmo de lo absurdo radica en la autopercepci\u00f3n de rebelde y moderno que tiene nuestro personaje \u2015en especial cuando insulta a la iglesia o a sus padres. Ya ni siquiera se trata de un problema conceptual, sino de una desconexi\u00f3n total entre la mente y la realidad. Tristemente, una educaci\u00f3n que prima la ideologizaci\u00f3n y el apego a modas discursivas por encima del razonamiento cr\u00edtico tiene ser\u00edas consecuencias. Veamos.<\/p>\n\n\n\n<p class=\"has-text-align-justify\">En febrero del 2021, La UNESCO public\u00f3 los resultados de un estudio que hab\u00eda realizado en Bolivia en 2017. Unos 12.000 alumnos de los nueve departamentos participaron en los ex\u00e1menes (que tuvieron el aval del ministerio de educaci\u00f3n). El peor desempe\u00f1o obtenido por Bolivia (puesto 14 de 16 naciones) se da en los casos de lectura y ciencias naturales para sexto de primaria. Los alumnos bolivianos obtuvieron menos de tres puntos sobre cuatro. En contrapartida, un leve mejor rendimiento se da en matem\u00e1ticas. Los alumnos del tercer grado alcanzan el puesto 12 de los 16 pa\u00edses que participan del estudio. Como era de esperarse, el gobierno no hizo p\u00fablica la investigaci\u00f3n. Ya que tira por los suelos su narrativa respecto a los logros en gesti\u00f3n de&nbsp;<strong>Evo Morales<\/strong>.<\/p>\n\n\n\n<p class=\"has-text-align-justify\">Asimismo, en 2020, la empresa IPSOS \u2015a pedido de la c\u00e1mara del libro de Cochabamba\u2015 realiz\u00f3 una encuesta acerca del nivel de lectura de los bolivianos. Los datos muestran que un 46% no lee ni un libro al a\u00f1o. Adem\u00e1s, un 15% de la cifra ley\u00f3 de tres a cinco libros, y s\u00f3lo un 8% tiene el h\u00e1bito de la lectura desarrollado (m\u00e1s de 10 libros al a\u00f1o).<\/p>\n\n\n\n<p class=\"has-text-align-justify\">Se lo voy a poner en perspectiva, aunque el gobierno se tire flores por la gran cantidad de escuelas construidas y el enorme presupuesto destinado a las universidades p\u00fablicas,\u00a0<strong>m\u00e1s de la mitad de los ciudadanos de este pa\u00eds no tienen idea de historia ni de econom\u00eda ni de pol\u00edtica ni de nada, pero tienen el poder de elegir un gobernante<\/strong>. Mucha raz\u00f3n ten\u00eda Facundo Cabral cuando dijo: <em><strong>\u00abPor temprano que te levantes, a donde vayas, ya est\u00e1 lleno de boludos, y son peligrosos, porque al ser mayor\u00eda eligen hasta el presidente\u00bb<\/strong><\/em>.<\/p>\n\n\n\n<p class=\"has-text-align-justify\">Sin embargo, contrario a lo que muchos opinan, estoy seguro de que no se trata de un error, mucho menos de falta de presupuesto, sino de un plan deliberado para anular la inteligencia. El Estado nos quiere boludos y pobres.<\/p>\n","protected":false},"excerpt":{"rendered":"<p>Acostumbrado a tomar como \u00fanica referencia el universo mental de la izquierda militante y a mirar con miedo y desprecio todo lo dem\u00e1s, el estudiante boliviano se encierra en el provincianismo y pierde la capacidad de aprender<\/p>\n","protected":false},"author":36,"featured_media":10565,"comment_status":"open","ping_status":"open","sticky":false,"template":"","format":"standard","meta":{"_monsterinsights_skip_tracking":false,"_monsterinsights_sitenote_active":false,"_monsterinsights_sitenote_note":"","_monsterinsights_sitenote_category":0,"footnotes":"","jetpack_publicize_message":"","jetpack_is_tweetstorm":false,"jetpack_publicize_feature_enabled":false},"categories":[248],"tags":[1036,1355],"ppma_author":[1566],"class_list":["post-10564","post","type-post","status-publish","format-standard","has-post-thumbnail","hentry","category-analisis","tag-destacada","tag-educacion"],"jetpack_publicize_connections":[],"yoast_head":"<!-- This site is optimized with the Yoast SEO plugin v27.4 - https:\/\/yoast.com\/product\/yoast-seo-wordpress\/ -->\n<title>\u00a1Qu\u00e9 boludos! - Informatepy<\/title>\n<meta name=\"robots\" content=\"index, follow, max-snippet:-1, max-image-preview:large, max-video-preview:-1\" \/>\n<link rel=\"canonical\" href=\"https:\/\/informatepy.com\/2021\/2022\/03\/12\/que-boludos\/\" \/>\n<meta property=\"og:locale\" content=\"es_ES\" \/>\n<meta property=\"og:type\" content=\"article\" \/>\n<meta property=\"og:title\" content=\"\u00a1Qu\u00e9 boludos! - Informatepy\" \/>\n<meta property=\"og:description\" content=\"Acostumbrado a tomar como \u00fanica referencia el universo mental de la izquierda militante y a mirar con miedo y desprecio todo lo dem\u00e1s, el estudiante boliviano se encierra en el provincianismo y pierde la capacidad de aprender\" \/>\n<meta property=\"og:url\" content=\"https:\/\/informatepy.com\/2021\/2022\/03\/12\/que-boludos\/\" \/>\n<meta property=\"og:site_name\" content=\"Informatepy\" \/>\n<meta property=\"article:published_time\" content=\"2022-03-12T11:37:52+00:00\" \/>\n<meta property=\"article:modified_time\" content=\"2022-03-12T11:37:55+00:00\" \/>\n<meta property=\"og:image\" content=\"https:\/\/informatepy.com\/2021\/wp-content\/uploads\/2022\/03\/llama.jpg\" \/>\n\t<meta property=\"og:image:width\" content=\"1280\" \/>\n\t<meta property=\"og:image:height\" content=\"850\" \/>\n\t<meta property=\"og:image:type\" content=\"image\/jpeg\" \/>\n<meta name=\"author\" content=\"Hugo Marcelo Balderrama\" \/>\n<meta name=\"twitter:card\" content=\"summary_large_image\" \/>\n<meta name=\"twitter:creator\" content=\"@https:\/\/twitter.com\/hugobalderrama\" \/>\n<meta name=\"twitter:label1\" content=\"Escrito por\" \/>\n\t<meta name=\"twitter:data1\" content=\"Hugo Marcelo Balderrama\" \/>\n\t<meta name=\"twitter:label2\" content=\"Tiempo de lectura\" \/>\n\t<meta name=\"twitter:data2\" content=\"4 minutos\" \/>\n<script type=\"application\/ld+json\" class=\"yoast-schema-graph\">{\"@context\":\"https:\\\/\\\/schema.org\",\"@graph\":[{\"@type\":\"Article\",\"@id\":\"https:\\\/\\\/informatepy.com\\\/2021\\\/2022\\\/03\\\/12\\\/que-boludos\\\/#article\",\"isPartOf\":{\"@id\":\"https:\\\/\\\/informatepy.com\\\/2021\\\/2022\\\/03\\\/12\\\/que-boludos\\\/\"},\"author\":{\"name\":\"Hugo Marcelo Balderrama\",\"@id\":\"https:\\\/\\\/informatepy.com\\\/2021\\\/#\\\/schema\\\/person\\\/fba0848a092e74eff0a1f714866d6d3c\"},\"headline\":\"\u00a1Qu\u00e9 boludos!\",\"datePublished\":\"2022-03-12T11:37:52+00:00\",\"dateModified\":\"2022-03-12T11:37:55+00:00\",\"mainEntityOfPage\":{\"@id\":\"https:\\\/\\\/informatepy.com\\\/2021\\\/2022\\\/03\\\/12\\\/que-boludos\\\/\"},\"wordCount\":776,\"commentCount\":0,\"publisher\":{\"@id\":\"https:\\\/\\\/informatepy.com\\\/2021\\\/#\\\/schema\\\/person\\\/edd302c981d6ba4596191719d1025a8a\"},\"image\":{\"@id\":\"https:\\\/\\\/informatepy.com\\\/2021\\\/2022\\\/03\\\/12\\\/que-boludos\\\/#primaryimage\"},\"thumbnailUrl\":\"https:\\\/\\\/i0.wp.com\\\/informatepy.com\\\/2021\\\/wp-content\\\/uploads\\\/2022\\\/03\\\/llama.jpg?fit=1280%2C850&ssl=1\",\"keywords\":[\"destacada\",\"educacion\"],\"articleSection\":[\"Analisis\"],\"inLanguage\":\"es\",\"potentialAction\":[{\"@type\":\"CommentAction\",\"name\":\"Comment\",\"target\":[\"https:\\\/\\\/informatepy.com\\\/2021\\\/2022\\\/03\\\/12\\\/que-boludos\\\/#respond\"]}]},{\"@type\":\"WebPage\",\"@id\":\"https:\\\/\\\/informatepy.com\\\/2021\\\/2022\\\/03\\\/12\\\/que-boludos\\\/\",\"url\":\"https:\\\/\\\/informatepy.com\\\/2021\\\/2022\\\/03\\\/12\\\/que-boludos\\\/\",\"name\":\"\u00a1Qu\u00e9 boludos! - Informatepy\",\"isPartOf\":{\"@id\":\"https:\\\/\\\/informatepy.com\\\/2021\\\/#website\"},\"primaryImageOfPage\":{\"@id\":\"https:\\\/\\\/informatepy.com\\\/2021\\\/2022\\\/03\\\/12\\\/que-boludos\\\/#primaryimage\"},\"image\":{\"@id\":\"https:\\\/\\\/informatepy.com\\\/2021\\\/2022\\\/03\\\/12\\\/que-boludos\\\/#primaryimage\"},\"thumbnailUrl\":\"https:\\\/\\\/i0.wp.com\\\/informatepy.com\\\/2021\\\/wp-content\\\/uploads\\\/2022\\\/03\\\/llama.jpg?fit=1280%2C850&ssl=1\",\"datePublished\":\"2022-03-12T11:37:52+00:00\",\"dateModified\":\"2022-03-12T11:37:55+00:00\",\"breadcrumb\":{\"@id\":\"https:\\\/\\\/informatepy.com\\\/2021\\\/2022\\\/03\\\/12\\\/que-boludos\\\/#breadcrumb\"},\"inLanguage\":\"es\",\"potentialAction\":[{\"@type\":\"ReadAction\",\"target\":[\"https:\\\/\\\/informatepy.com\\\/2021\\\/2022\\\/03\\\/12\\\/que-boludos\\\/\"]}]},{\"@type\":\"ImageObject\",\"inLanguage\":\"es\",\"@id\":\"https:\\\/\\\/informatepy.com\\\/2021\\\/2022\\\/03\\\/12\\\/que-boludos\\\/#primaryimage\",\"url\":\"https:\\\/\\\/i0.wp.com\\\/informatepy.com\\\/2021\\\/wp-content\\\/uploads\\\/2022\\\/03\\\/llama.jpg?fit=1280%2C850&ssl=1\",\"contentUrl\":\"https:\\\/\\\/i0.wp.com\\\/informatepy.com\\\/2021\\\/wp-content\\\/uploads\\\/2022\\\/03\\\/llama.jpg?fit=1280%2C850&ssl=1\",\"width\":1280,\"height\":850},{\"@type\":\"BreadcrumbList\",\"@id\":\"https:\\\/\\\/informatepy.com\\\/2021\\\/2022\\\/03\\\/12\\\/que-boludos\\\/#breadcrumb\",\"itemListElement\":[{\"@type\":\"ListItem\",\"position\":1,\"name\":\"Portada\",\"item\":\"https:\\\/\\\/informatepy.com\\\/2021\\\/\"},{\"@type\":\"ListItem\",\"position\":2,\"name\":\"\u00a1Qu\u00e9 boludos!\"}]},{\"@type\":\"WebSite\",\"@id\":\"https:\\\/\\\/informatepy.com\\\/2021\\\/#website\",\"url\":\"https:\\\/\\\/informatepy.com\\\/2021\\\/\",\"name\":\"Informatepy\",\"description\":\"La verdad, siempre!\",\"publisher\":{\"@id\":\"https:\\\/\\\/informatepy.com\\\/2021\\\/#\\\/schema\\\/person\\\/edd302c981d6ba4596191719d1025a8a\"},\"potentialAction\":[{\"@type\":\"SearchAction\",\"target\":{\"@type\":\"EntryPoint\",\"urlTemplate\":\"https:\\\/\\\/informatepy.com\\\/2021\\\/?s={search_term_string}\"},\"query-input\":{\"@type\":\"PropertyValueSpecification\",\"valueRequired\":true,\"valueName\":\"search_term_string\"}}],\"inLanguage\":\"es\"},{\"@type\":[\"Person\",\"Organization\"],\"@id\":\"https:\\\/\\\/informatepy.com\\\/2021\\\/#\\\/schema\\\/person\\\/edd302c981d6ba4596191719d1025a8a\",\"name\":\"admin\",\"image\":{\"@type\":\"ImageObject\",\"inLanguage\":\"es\",\"@id\":\"https:\\\/\\\/secure.gravatar.com\\\/avatar\\\/5310f602b6cbcfb86e030c4ccdbb78f6565a3b9bab6a74ab80fd3cb5428b65af?s=96&d=mm&r=g\",\"url\":\"https:\\\/\\\/secure.gravatar.com\\\/avatar\\\/5310f602b6cbcfb86e030c4ccdbb78f6565a3b9bab6a74ab80fd3cb5428b65af?s=96&d=mm&r=g\",\"contentUrl\":\"https:\\\/\\\/secure.gravatar.com\\\/avatar\\\/5310f602b6cbcfb86e030c4ccdbb78f6565a3b9bab6a74ab80fd3cb5428b65af?s=96&d=mm&r=g\",\"caption\":\"admin\"},\"logo\":{\"@id\":\"https:\\\/\\\/secure.gravatar.com\\\/avatar\\\/5310f602b6cbcfb86e030c4ccdbb78f6565a3b9bab6a74ab80fd3cb5428b65af?s=96&d=mm&r=g\"},\"sameAs\":[\"http:\\\/\\\/informatepy.com\\\/2021\"]},{\"@type\":\"Person\",\"@id\":\"https:\\\/\\\/informatepy.com\\\/2021\\\/#\\\/schema\\\/person\\\/fba0848a092e74eff0a1f714866d6d3c\",\"name\":\"Hugo Marcelo Balderrama\",\"image\":{\"@type\":\"ImageObject\",\"inLanguage\":\"es\",\"@id\":\"https:\\\/\\\/i0.wp.com\\\/informatepy.com\\\/2021\\\/wp-content\\\/uploads\\\/2021\\\/11\\\/Hugo-balderrama.jpg?fit=85%2C96&ssl=1\",\"url\":\"https:\\\/\\\/i0.wp.com\\\/informatepy.com\\\/2021\\\/wp-content\\\/uploads\\\/2021\\\/11\\\/Hugo-balderrama.jpg?fit=85%2C96&ssl=1\",\"contentUrl\":\"https:\\\/\\\/i0.wp.com\\\/informatepy.com\\\/2021\\\/wp-content\\\/uploads\\\/2021\\\/11\\\/Hugo-balderrama.jpg?fit=85%2C96&ssl=1\",\"caption\":\"Hugo Marcelo Balderrama\"},\"description\":\"Economista, Docente, Periodista y Consultor Pol\u00edtico. Comprometido con la defensa de la vida, la propiedad y la libertad.\",\"sameAs\":[\"https:\\\/\\\/x.com\\\/https:\\\/\\\/twitter.com\\\/hugobalderrama\"],\"url\":\"https:\\\/\\\/informatepy.com\\\/2021\\\/author\\\/hbalderrama\\\/\"}]}<\/script>\n<!-- \/ Yoast SEO plugin. -->","yoast_head_json":{"title":"\u00a1Qu\u00e9 boludos! - Informatepy","robots":{"index":"index","follow":"follow","max-snippet":"max-snippet:-1","max-image-preview":"max-image-preview:large","max-video-preview":"max-video-preview:-1"},"canonical":"https:\/\/informatepy.com\/2021\/2022\/03\/12\/que-boludos\/","og_locale":"es_ES","og_type":"article","og_title":"\u00a1Qu\u00e9 boludos! - Informatepy","og_description":"Acostumbrado a tomar como \u00fanica referencia el universo mental de la izquierda militante y a mirar con miedo y desprecio todo lo dem\u00e1s, el estudiante boliviano se encierra en el provincianismo y pierde la capacidad de aprender","og_url":"https:\/\/informatepy.com\/2021\/2022\/03\/12\/que-boludos\/","og_site_name":"Informatepy","article_published_time":"2022-03-12T11:37:52+00:00","article_modified_time":"2022-03-12T11:37:55+00:00","og_image":[{"width":1280,"height":850,"url":"https:\/\/informatepy.com\/2021\/wp-content\/uploads\/2022\/03\/llama.jpg","type":"image\/jpeg"}],"author":"Hugo Marcelo Balderrama","twitter_card":"summary_large_image","twitter_creator":"@https:\/\/twitter.com\/hugobalderrama","twitter_misc":{"Escrito por":"Hugo Marcelo Balderrama","Tiempo de lectura":"4 minutos"},"schema":{"@context":"https:\/\/schema.org","@graph":[{"@type":"Article","@id":"https:\/\/informatepy.com\/2021\/2022\/03\/12\/que-boludos\/#article","isPartOf":{"@id":"https:\/\/informatepy.com\/2021\/2022\/03\/12\/que-boludos\/"},"author":{"name":"Hugo Marcelo Balderrama","@id":"https:\/\/informatepy.com\/2021\/#\/schema\/person\/fba0848a092e74eff0a1f714866d6d3c"},"headline":"\u00a1Qu\u00e9 boludos!","datePublished":"2022-03-12T11:37:52+00:00","dateModified":"2022-03-12T11:37:55+00:00","mainEntityOfPage":{"@id":"https:\/\/informatepy.com\/2021\/2022\/03\/12\/que-boludos\/"},"wordCount":776,"commentCount":0,"publisher":{"@id":"https:\/\/informatepy.com\/2021\/#\/schema\/person\/edd302c981d6ba4596191719d1025a8a"},"image":{"@id":"https:\/\/informatepy.com\/2021\/2022\/03\/12\/que-boludos\/#primaryimage"},"thumbnailUrl":"https:\/\/i0.wp.com\/informatepy.com\/2021\/wp-content\/uploads\/2022\/03\/llama.jpg?fit=1280%2C850&ssl=1","keywords":["destacada","educacion"],"articleSection":["Analisis"],"inLanguage":"es","potentialAction":[{"@type":"CommentAction","name":"Comment","target":["https:\/\/informatepy.com\/2021\/2022\/03\/12\/que-boludos\/#respond"]}]},{"@type":"WebPage","@id":"https:\/\/informatepy.com\/2021\/2022\/03\/12\/que-boludos\/","url":"https:\/\/informatepy.com\/2021\/2022\/03\/12\/que-boludos\/","name":"\u00a1Qu\u00e9 boludos! - Informatepy","isPartOf":{"@id":"https:\/\/informatepy.com\/2021\/#website"},"primaryImageOfPage":{"@id":"https:\/\/informatepy.com\/2021\/2022\/03\/12\/que-boludos\/#primaryimage"},"image":{"@id":"https:\/\/informatepy.com\/2021\/2022\/03\/12\/que-boludos\/#primaryimage"},"thumbnailUrl":"https:\/\/i0.wp.com\/informatepy.com\/2021\/wp-content\/uploads\/2022\/03\/llama.jpg?fit=1280%2C850&ssl=1","datePublished":"2022-03-12T11:37:52+00:00","dateModified":"2022-03-12T11:37:55+00:00","breadcrumb":{"@id":"https:\/\/informatepy.com\/2021\/2022\/03\/12\/que-boludos\/#breadcrumb"},"inLanguage":"es","potentialAction":[{"@type":"ReadAction","target":["https:\/\/informatepy.com\/2021\/2022\/03\/12\/que-boludos\/"]}]},{"@type":"ImageObject","inLanguage":"es","@id":"https:\/\/informatepy.com\/2021\/2022\/03\/12\/que-boludos\/#primaryimage","url":"https:\/\/i0.wp.com\/informatepy.com\/2021\/wp-content\/uploads\/2022\/03\/llama.jpg?fit=1280%2C850&ssl=1","contentUrl":"https:\/\/i0.wp.com\/informatepy.com\/2021\/wp-content\/uploads\/2022\/03\/llama.jpg?fit=1280%2C850&ssl=1","width":1280,"height":850},{"@type":"BreadcrumbList","@id":"https:\/\/informatepy.com\/2021\/2022\/03\/12\/que-boludos\/#breadcrumb","itemListElement":[{"@type":"ListItem","position":1,"name":"Portada","item":"https:\/\/informatepy.com\/2021\/"},{"@type":"ListItem","position":2,"name":"\u00a1Qu\u00e9 boludos!"}]},{"@type":"WebSite","@id":"https:\/\/informatepy.com\/2021\/#website","url":"https:\/\/informatepy.com\/2021\/","name":"Informatepy","description":"La verdad, siempre!","publisher":{"@id":"https:\/\/informatepy.com\/2021\/#\/schema\/person\/edd302c981d6ba4596191719d1025a8a"},"potentialAction":[{"@type":"SearchAction","target":{"@type":"EntryPoint","urlTemplate":"https:\/\/informatepy.com\/2021\/?s={search_term_string}"},"query-input":{"@type":"PropertyValueSpecification","valueRequired":true,"valueName":"search_term_string"}}],"inLanguage":"es"},{"@type":["Person","Organization"],"@id":"https:\/\/informatepy.com\/2021\/#\/schema\/person\/edd302c981d6ba4596191719d1025a8a","name":"admin","image":{"@type":"ImageObject","inLanguage":"es","@id":"https:\/\/secure.gravatar.com\/avatar\/5310f602b6cbcfb86e030c4ccdbb78f6565a3b9bab6a74ab80fd3cb5428b65af?s=96&d=mm&r=g","url":"https:\/\/secure.gravatar.com\/avatar\/5310f602b6cbcfb86e030c4ccdbb78f6565a3b9bab6a74ab80fd3cb5428b65af?s=96&d=mm&r=g","contentUrl":"https:\/\/secure.gravatar.com\/avatar\/5310f602b6cbcfb86e030c4ccdbb78f6565a3b9bab6a74ab80fd3cb5428b65af?s=96&d=mm&r=g","caption":"admin"},"logo":{"@id":"https:\/\/secure.gravatar.com\/avatar\/5310f602b6cbcfb86e030c4ccdbb78f6565a3b9bab6a74ab80fd3cb5428b65af?s=96&d=mm&r=g"},"sameAs":["http:\/\/informatepy.com\/2021"]},{"@type":"Person","@id":"https:\/\/informatepy.com\/2021\/#\/schema\/person\/fba0848a092e74eff0a1f714866d6d3c","name":"Hugo Marcelo Balderrama","image":{"@type":"ImageObject","inLanguage":"es","@id":"https:\/\/i0.wp.com\/informatepy.com\/2021\/wp-content\/uploads\/2021\/11\/Hugo-balderrama.jpg?fit=85%2C96&ssl=1","url":"https:\/\/i0.wp.com\/informatepy.com\/2021\/wp-content\/uploads\/2021\/11\/Hugo-balderrama.jpg?fit=85%2C96&ssl=1","contentUrl":"https:\/\/i0.wp.com\/informatepy.com\/2021\/wp-content\/uploads\/2021\/11\/Hugo-balderrama.jpg?fit=85%2C96&ssl=1","caption":"Hugo Marcelo Balderrama"},"description":"Economista, Docente, Periodista y Consultor Pol\u00edtico. Comprometido con la defensa de la vida, la propiedad y la libertad.","sameAs":["https:\/\/x.com\/https:\/\/twitter.com\/hugobalderrama"],"url":"https:\/\/informatepy.com\/2021\/author\/hbalderrama\/"}]}},"jetpack_featured_media_url":"https:\/\/i0.wp.com\/informatepy.com\/2021\/wp-content\/uploads\/2022\/03\/llama.jpg?fit=1280%2C850&ssl=1","jetpack_sharing_enabled":true,"jetpack_likes_enabled":true,"jetpack-related-posts":[{"id":11535,"url":"https:\/\/informatepy.com\/2021\/2022\/05\/08\/educacion-sexual-integral-esi-la-ignorancia-del-progresista-que-no-sabe-lo-que-pide-pero-lo-quiere-ya\/","url_meta":{"origin":10564,"position":0},"title":"Educaci\u00f3n Sexual Integral (ESI): La ignorancia del progresista que no sabe lo que pide, pero lo quiere ya","date":"8 de mayo de 2022","format":false,"excerpt":"En la actualidad, ser \u201cprogresista\u201d es manifestar un profundo desconocimiento de las fuerzas que existen en la naturaleza humana. Una de esas fuerzas -profunda, misteriosa y poderosa- es la que deriva del impulso sexual, y es tan primordial, tan imperiosamente necesaria que millones de a\u00f1os de evoluci\u00f3n se han asegurado\u2026","rel":"","context":"En \u00abAnalisis\u00bb","img":{"alt_text":"","src":"https:\/\/i0.wp.com\/informatepy.com\/2021\/wp-content\/uploads\/2022\/05\/evolucion-progre.jpg?fit=1200%2C750&ssl=1&resize=350%2C200","width":350,"height":200},"classes":[]},{"id":12051,"url":"https:\/\/informatepy.com\/2021\/2022\/06\/10\/la-educacion-y-la-ciencia-progresista-en-la-actualidad\/","url_meta":{"origin":10564,"position":1},"title":"La educaci\u00f3n y la ciencia progresista en la actualidad","date":"10 de junio de 2022","format":false,"excerpt":"La educaci\u00f3n es la bandera de lucha de varias organizaciones, grupos de ciudadanos autonombrados comprometidos con la educaci\u00f3n, as\u00ed como organismos internacionales. Se los identifica por sus programas de asesoramiento en temas relacionados a la ni\u00f1ez y la educaci\u00f3n, por lo cual, la lista es extensa. Se camuflan con supuestas\u2026","rel":"","context":"En \u00abCultura\u00bb","img":{"alt_text":"","src":"https:\/\/i0.wp.com\/informatepy.com\/2021\/wp-content\/uploads\/2022\/06\/lgbtI-escuela.jpg?fit=1138%2C604&ssl=1&resize=350%2C200","width":350,"height":200},"classes":[]},{"id":1610,"url":"https:\/\/informatepy.com\/2021\/2019\/11\/15\/carta-abierta-de-una-docente-a-la-diputada-celeste-amarilla\/","url_meta":{"origin":10564,"position":2},"title":"Carta abierta de una docente a la Diputada Celeste Amarilla","date":"15 de noviembre de 2019","format":false,"excerpt":"Se\u00f1ora Celeste Amarilla. En primer t\u00e9rmino, me impresiona su alt\u00edsimo grado de discusi\u00f3n; su forma tan educada de dirigirse a la gente, sus fin\u00edsimos vocabularios y, por sobre todo, su envidiable control que ejerce sobre sus impulsos y su ira, adem\u00e1s, no puedo dejar de mencionar su probada humildad demostrada\u2026","rel":"","context":"En \u00abNacionales\u00bb","img":{"alt_text":"","src":"https:\/\/i0.wp.com\/informatepy.com\/2021\/wp-content\/uploads\/2021\/02\/celeste-amarilla.jpg?fit=696%2C333&ssl=1&resize=350%2C200","width":350,"height":200},"classes":[]},{"id":7716,"url":"https:\/\/informatepy.com\/2021\/2021\/10\/15\/cheques-educacionales-para-familias-de-bajos-ingresos-y-descentralizacion\/","url_meta":{"origin":10564,"position":3},"title":"Cheques Educacionales para familias de bajos ingresos y descentralizaci\u00f3n","date":"15 de octubre de 2021","format":false,"excerpt":"Los Cheques educacionales o vouchers como se les llama, son una intenci\u00f3n de encontrar alternativas para mejorar la educaci\u00f3n en Paraguay; dado que en la Constituci\u00f3n Nacional reza: \u00a0\u201cse garantizar\u00e1 la educaci\u00f3n integral\u201d, y si bien me parece adecuado que la educaci\u00f3n sea p\u00fablica, veo ventajas en que no se\u2026","rel":"","context":"En \u00abNacionales\u00bb","img":{"alt_text":"","src":"https:\/\/i0.wp.com\/informatepy.com\/2021\/wp-content\/uploads\/2021\/10\/educacion.jpeg?fit=1200%2C800&ssl=1&resize=350%2C200","width":350,"height":200},"classes":[]},{"id":2398,"url":"https:\/\/informatepy.com\/2021\/2021\/01\/12\/mec-denuncian-direccionamiento-y-sobrefacturacion-en-licitacion-de-nuevo-datacenter\/","url_meta":{"origin":10564,"position":4},"title":"MEC: Denuncian direccionamiento y sobrefacturaci\u00f3n en licitaci\u00f3n de nuevo Datacenter","date":"12 de enero de 2021","format":false,"excerpt":"El Cyber Periodista Alfredo Guachir\u00e9 denunci\u00f3 en sus redes sociales, un nuevo intento por abusar de las arcas de estado por parte del Ministerio de Educaci\u00f3n quien adjudic\u00f3 a la empresa COMTEL la creaci\u00f3n de una Data Center. Aparentemente, esta adjudicaci\u00f3n no solo estuvo direccionada, sino que tambi\u00e9n sobrefacturada. El\u2026","rel":"","context":"En \u00abNacionales\u00bb","img":{"alt_text":"","src":"https:\/\/i0.wp.com\/informatepy.com\/2021\/wp-content\/uploads\/2021\/03\/eduardo-petta.jpg?fit=760%2C420&ssl=1&resize=350%2C200","width":350,"height":200},"classes":[]},{"id":4102,"url":"https:\/\/informatepy.com\/2021\/2021\/03\/25\/para-que-carajo-sirve-el-estado\/","url_meta":{"origin":10564,"position":5},"title":"\u00bfPara qu\u00e9 carajo sirve el Estado?","date":"25 de marzo de 2021","format":false,"excerpt":"Solo para perjudicar, es toda una fachada para robar, solo basta observar y aceptar. Es un saqueo permanente a la gente por parte de las organizaciones criminales que conforman el Gobierno y, sin embargo, \u00e9sta sigue mirando al Estado como sacro. Algo as\u00ed como cuando ven a los curas con\u2026","rel":"","context":"En \u00abAnalisis\u00bb","img":{"alt_text":"","src":"https:\/\/i0.wp.com\/informatepy.com\/2021\/wp-content\/uploads\/2021\/03\/burocracia.jpg?fit=1200%2C876&ssl=1&resize=350%2C200","width":350,"height":200},"classes":[]}],"authors":[{"term_id":1566,"user_id":36,"is_guest":0,"slug":"hbalderrama","display_name":"Hugo Marcelo Balderrama","avatar_url":"https:\/\/i0.wp.com\/informatepy.com\/2021\/wp-content\/uploads\/2021\/11\/Hugo-balderrama.jpg?fit=85%2C96&ssl=1","first_name":"Hugo Marcelo","last_name":"Balderrama","user_url":"","description":"Economista, Docente, Periodista y Consultor Pol\u00edtico. Comprometido con la defensa de la vida, la propiedad y la libertad."}],"amp_enabled":true,"_links":{"self":[{"href":"https:\/\/informatepy.com\/2021\/wp-json\/wp\/v2\/posts\/10564","targetHints":{"allow":["GET"]}}],"collection":[{"href":"https:\/\/informatepy.com\/2021\/wp-json\/wp\/v2\/posts"}],"about":[{"href":"https:\/\/informatepy.com\/2021\/wp-json\/wp\/v2\/types\/post"}],"author":[{"embeddable":true,"href":"https:\/\/informatepy.com\/2021\/wp-json\/wp\/v2\/users\/36"}],"replies":[{"embeddable":true,"href":"https:\/\/informatepy.com\/2021\/wp-json\/wp\/v2\/comments?post=10564"}],"version-history":[{"count":1,"href":"https:\/\/informatepy.com\/2021\/wp-json\/wp\/v2\/posts\/10564\/revisions"}],"predecessor-version":[{"id":10566,"href":"https:\/\/informatepy.com\/2021\/wp-json\/wp\/v2\/posts\/10564\/revisions\/10566"}],"wp:featuredmedia":[{"embeddable":true,"href":"https:\/\/informatepy.com\/2021\/wp-json\/wp\/v2\/media\/10565"}],"wp:attachment":[{"href":"https:\/\/informatepy.com\/2021\/wp-json\/wp\/v2\/media?parent=10564"}],"wp:term":[{"taxonomy":"category","embeddable":true,"href":"https:\/\/informatepy.com\/2021\/wp-json\/wp\/v2\/categories?post=10564"},{"taxonomy":"post_tag","embeddable":true,"href":"https:\/\/informatepy.com\/2021\/wp-json\/wp\/v2\/tags?post=10564"},{"taxonomy":"author","embeddable":true,"href":"https:\/\/informatepy.com\/2021\/wp-json\/wp\/v2\/ppma_author?post=10564"}],"curies":[{"name":"wp","href":"https:\/\/api.w.org\/{rel}","templated":true}]}}