{"id":10520,"date":"2022-03-09T07:30:36","date_gmt":"2022-03-09T10:30:36","guid":{"rendered":"https:\/\/informatepy.com\/2021\/?p=10520"},"modified":"2022-03-09T07:30:39","modified_gmt":"2022-03-09T10:30:39","slug":"se-tratara-hoy-el-proyecto-de-ley-de-eliminacion-del-uso-del-tapabocas","status":"publish","type":"post","link":"https:\/\/informatepy.com\/2021\/2022\/03\/09\/se-tratara-hoy-el-proyecto-de-ley-de-eliminacion-del-uso-del-tapabocas\/","title":{"rendered":"Se tratar\u00e1 hoy el proyecto de ley de eliminaci\u00f3n del uso del tapabocas"},"content":{"rendered":"\n<p class=\"has-text-align-justify\">Este mi\u00e9rcoles, la C\u00e1mara de Diputados tratar\u00e1 el proyecto que deroga la ley de uso obligatorio del tapabocas, la cual, <a href=\"https:\/\/informatepy.com\/2021\/2022\/02\/24\/ya-no-esta-vigente-el-uso-obligatorio-de-mascarillas\/\" target=\"_blank\" rel=\"noreferrer noopener\">a interpretaci\u00f3n de algunos, ya perdi\u00f3 vigencia<\/a>. La propuesta figura en el punto 10 del orden del d\u00eda.<\/p>\n\n\n\n<p class=\"has-text-align-justify\">El proyecto que fuera presentado por el diputado <strong>Jorge Br\u00edtez <\/strong>que deroga la ley del uso obligatorio de mascarillas higi\u00e9nicas, fue girado a comisiones de Legislaci\u00f3n y\u00a0 Codificaci\u00f3n, de Presupuesto y de Cuentas y Control, para su dictamen.<\/p>\n\n\n\n<p>En el proyecto, se aclara que quienes deseen podr\u00e1n seguir utilizando el tapabocas, puesto que el texto solo elimina la obligatoriedad de su uso.<\/p>\n","protected":false},"excerpt":{"rendered":"<p>Este mi\u00e9rcoles, la C\u00e1mara de Diputados tratar\u00e1 el proyecto que deroga la ley de uso obligatorio del tapabocas, la cual, a interpretaci\u00f3n de algunos, ya perdi\u00f3 vigencia. La propuesta figura en el punto 10 del orden del d\u00eda. El proyecto que fuera presentado por el diputado Jorge Br\u00edtez que deroga la ley del uso obligatorio [&hellip;]<\/p>\n","protected":false},"author":4,"featured_media":2048,"comment_status":"open","ping_status":"open","sticky":false,"template":"","format":"standard","meta":{"_monsterinsights_skip_tracking":false,"_monsterinsights_sitenote_active":false,"_monsterinsights_sitenote_note":"","_monsterinsights_sitenote_category":0,"footnotes":"","jetpack_publicize_message":"","jetpack_is_tweetstorm":false,"jetpack_publicize_feature_enabled":true},"categories":[177],"tags":[1036,1293],"ppma_author":[1051],"class_list":["post-10520","post","type-post","status-publish","format-standard","has-post-thumbnail","hentry","category-nacionales","tag-destacada","tag-jorge-britez"],"jetpack_publicize_connections":[],"yoast_head":"<!-- This site is optimized with the Yoast SEO plugin v27.5 - https:\/\/yoast.com\/product\/yoast-seo-wordpress\/ -->\n<title>Se tratar\u00e1 hoy el proyecto de ley de eliminaci\u00f3n del uso del tapabocas - Informatepy<\/title>\n<meta name=\"robots\" content=\"index, follow, max-snippet:-1, max-image-preview:large, max-video-preview:-1\" \/>\n<link rel=\"canonical\" href=\"https:\/\/informatepy.com\/2021\/2022\/03\/09\/se-tratara-hoy-el-proyecto-de-ley-de-eliminacion-del-uso-del-tapabocas\/\" \/>\n<meta property=\"og:locale\" content=\"es_ES\" \/>\n<meta property=\"og:type\" content=\"article\" \/>\n<meta property=\"og:title\" content=\"Se tratar\u00e1 hoy el proyecto de ley de eliminaci\u00f3n del uso del tapabocas - Informatepy\" \/>\n<meta property=\"og:description\" content=\"Este mi\u00e9rcoles, la C\u00e1mara de Diputados tratar\u00e1 el proyecto que deroga la ley de uso obligatorio del tapabocas, la cual, a interpretaci\u00f3n de algunos, ya perdi\u00f3 vigencia. La propuesta figura en el punto 10 del orden del d\u00eda. El proyecto que fuera presentado por el diputado Jorge Br\u00edtez que deroga la ley del uso obligatorio [&hellip;]\" \/>\n<meta property=\"og:url\" content=\"https:\/\/informatepy.com\/2021\/2022\/03\/09\/se-tratara-hoy-el-proyecto-de-ley-de-eliminacion-del-uso-del-tapabocas\/\" \/>\n<meta property=\"og:site_name\" content=\"Informatepy\" \/>\n<meta property=\"article:author\" content=\"https:\/\/www.facebook.com\/InformatePyCom\" \/>\n<meta property=\"article:published_time\" content=\"2022-03-09T10:30:36+00:00\" \/>\n<meta property=\"article:modified_time\" content=\"2022-03-09T10:30:39+00:00\" \/>\n<meta property=\"og:image\" content=\"https:\/\/informatepy.com\/2021\/wp-content\/uploads\/2021\/07\/tapabocas.jpg\" \/>\n\t<meta property=\"og:image:width\" content=\"1024\" \/>\n\t<meta property=\"og:image:height\" content=\"682\" \/>\n\t<meta property=\"og:image:type\" content=\"image\/jpeg\" \/>\n<meta name=\"author\" content=\"Redacci\u00f3n\" \/>\n<meta name=\"twitter:card\" content=\"summary_large_image\" \/>\n<meta name=\"twitter:creator\" content=\"@https:\/\/twitter.com\/InformatePy1\" \/>\n<meta name=\"twitter:label1\" content=\"Escrito por\" \/>\n\t<meta name=\"twitter:data1\" content=\"Redacci\u00f3n\" \/>\n\t<meta name=\"twitter:label2\" content=\"Tiempo de lectura\" \/>\n\t<meta name=\"twitter:data2\" content=\"1 minuto\" \/>\n<script type=\"application\/ld+json\" class=\"yoast-schema-graph\">{\"@context\":\"https:\\\/\\\/schema.org\",\"@graph\":[{\"@type\":\"Article\",\"@id\":\"https:\\\/\\\/informatepy.com\\\/2021\\\/2022\\\/03\\\/09\\\/se-tratara-hoy-el-proyecto-de-ley-de-eliminacion-del-uso-del-tapabocas\\\/#article\",\"isPartOf\":{\"@id\":\"https:\\\/\\\/informatepy.com\\\/2021\\\/2022\\\/03\\\/09\\\/se-tratara-hoy-el-proyecto-de-ley-de-eliminacion-del-uso-del-tapabocas\\\/\"},\"author\":{\"name\":\"Redacci\u00f3n\",\"@id\":\"https:\\\/\\\/informatepy.com\\\/2021\\\/#\\\/schema\\\/person\\\/0c842f525f84ea74ef3b44370d11757b\"},\"headline\":\"Se tratar\u00e1 hoy el proyecto de ley de eliminaci\u00f3n del uso del tapabocas\",\"datePublished\":\"2022-03-09T10:30:36+00:00\",\"dateModified\":\"2022-03-09T10:30:39+00:00\",\"mainEntityOfPage\":{\"@id\":\"https:\\\/\\\/informatepy.com\\\/2021\\\/2022\\\/03\\\/09\\\/se-tratara-hoy-el-proyecto-de-ley-de-eliminacion-del-uso-del-tapabocas\\\/\"},\"wordCount\":122,\"commentCount\":0,\"publisher\":{\"@id\":\"https:\\\/\\\/informatepy.com\\\/2021\\\/#\\\/schema\\\/person\\\/edd302c981d6ba4596191719d1025a8a\"},\"image\":{\"@id\":\"https:\\\/\\\/informatepy.com\\\/2021\\\/2022\\\/03\\\/09\\\/se-tratara-hoy-el-proyecto-de-ley-de-eliminacion-del-uso-del-tapabocas\\\/#primaryimage\"},\"thumbnailUrl\":\"https:\\\/\\\/i0.wp.com\\\/informatepy.com\\\/2021\\\/wp-content\\\/uploads\\\/2021\\\/07\\\/tapabocas.jpg?fit=1024%2C682&ssl=1\",\"keywords\":[\"destacada\",\"jorge britez\"],\"articleSection\":[\"Nacionales\"],\"inLanguage\":\"es\",\"potentialAction\":[{\"@type\":\"CommentAction\",\"name\":\"Comment\",\"target\":[\"https:\\\/\\\/informatepy.com\\\/2021\\\/2022\\\/03\\\/09\\\/se-tratara-hoy-el-proyecto-de-ley-de-eliminacion-del-uso-del-tapabocas\\\/#respond\"]}]},{\"@type\":\"WebPage\",\"@id\":\"https:\\\/\\\/informatepy.com\\\/2021\\\/2022\\\/03\\\/09\\\/se-tratara-hoy-el-proyecto-de-ley-de-eliminacion-del-uso-del-tapabocas\\\/\",\"url\":\"https:\\\/\\\/informatepy.com\\\/2021\\\/2022\\\/03\\\/09\\\/se-tratara-hoy-el-proyecto-de-ley-de-eliminacion-del-uso-del-tapabocas\\\/\",\"name\":\"Se tratar\u00e1 hoy el proyecto de ley de eliminaci\u00f3n del uso del tapabocas - Informatepy\",\"isPartOf\":{\"@id\":\"https:\\\/\\\/informatepy.com\\\/2021\\\/#website\"},\"primaryImageOfPage\":{\"@id\":\"https:\\\/\\\/informatepy.com\\\/2021\\\/2022\\\/03\\\/09\\\/se-tratara-hoy-el-proyecto-de-ley-de-eliminacion-del-uso-del-tapabocas\\\/#primaryimage\"},\"image\":{\"@id\":\"https:\\\/\\\/informatepy.com\\\/2021\\\/2022\\\/03\\\/09\\\/se-tratara-hoy-el-proyecto-de-ley-de-eliminacion-del-uso-del-tapabocas\\\/#primaryimage\"},\"thumbnailUrl\":\"https:\\\/\\\/i0.wp.com\\\/informatepy.com\\\/2021\\\/wp-content\\\/uploads\\\/2021\\\/07\\\/tapabocas.jpg?fit=1024%2C682&ssl=1\",\"datePublished\":\"2022-03-09T10:30:36+00:00\",\"dateModified\":\"2022-03-09T10:30:39+00:00\",\"breadcrumb\":{\"@id\":\"https:\\\/\\\/informatepy.com\\\/2021\\\/2022\\\/03\\\/09\\\/se-tratara-hoy-el-proyecto-de-ley-de-eliminacion-del-uso-del-tapabocas\\\/#breadcrumb\"},\"inLanguage\":\"es\",\"potentialAction\":[{\"@type\":\"ReadAction\",\"target\":[\"https:\\\/\\\/informatepy.com\\\/2021\\\/2022\\\/03\\\/09\\\/se-tratara-hoy-el-proyecto-de-ley-de-eliminacion-del-uso-del-tapabocas\\\/\"]}]},{\"@type\":\"ImageObject\",\"inLanguage\":\"es\",\"@id\":\"https:\\\/\\\/informatepy.com\\\/2021\\\/2022\\\/03\\\/09\\\/se-tratara-hoy-el-proyecto-de-ley-de-eliminacion-del-uso-del-tapabocas\\\/#primaryimage\",\"url\":\"https:\\\/\\\/i0.wp.com\\\/informatepy.com\\\/2021\\\/wp-content\\\/uploads\\\/2021\\\/07\\\/tapabocas.jpg?fit=1024%2C682&ssl=1\",\"contentUrl\":\"https:\\\/\\\/i0.wp.com\\\/informatepy.com\\\/2021\\\/wp-content\\\/uploads\\\/2021\\\/07\\\/tapabocas.jpg?fit=1024%2C682&ssl=1\",\"width\":1024,\"height\":682},{\"@type\":\"BreadcrumbList\",\"@id\":\"https:\\\/\\\/informatepy.com\\\/2021\\\/2022\\\/03\\\/09\\\/se-tratara-hoy-el-proyecto-de-ley-de-eliminacion-del-uso-del-tapabocas\\\/#breadcrumb\",\"itemListElement\":[{\"@type\":\"ListItem\",\"position\":1,\"name\":\"Portada\",\"item\":\"https:\\\/\\\/informatepy.com\\\/2021\\\/\"},{\"@type\":\"ListItem\",\"position\":2,\"name\":\"Se tratar\u00e1 hoy el proyecto de ley de eliminaci\u00f3n del uso del tapabocas\"}]},{\"@type\":\"WebSite\",\"@id\":\"https:\\\/\\\/informatepy.com\\\/2021\\\/#website\",\"url\":\"https:\\\/\\\/informatepy.com\\\/2021\\\/\",\"name\":\"Informatepy\",\"description\":\"La verdad, siempre!\",\"publisher\":{\"@id\":\"https:\\\/\\\/informatepy.com\\\/2021\\\/#\\\/schema\\\/person\\\/edd302c981d6ba4596191719d1025a8a\"},\"potentialAction\":[{\"@type\":\"SearchAction\",\"target\":{\"@type\":\"EntryPoint\",\"urlTemplate\":\"https:\\\/\\\/informatepy.com\\\/2021\\\/?s={search_term_string}\"},\"query-input\":{\"@type\":\"PropertyValueSpecification\",\"valueRequired\":true,\"valueName\":\"search_term_string\"}}],\"inLanguage\":\"es\"},{\"@type\":[\"Person\",\"Organization\"],\"@id\":\"https:\\\/\\\/informatepy.com\\\/2021\\\/#\\\/schema\\\/person\\\/edd302c981d6ba4596191719d1025a8a\",\"name\":\"admin\",\"image\":{\"@type\":\"ImageObject\",\"inLanguage\":\"es\",\"@id\":\"https:\\\/\\\/secure.gravatar.com\\\/avatar\\\/5310f602b6cbcfb86e030c4ccdbb78f6565a3b9bab6a74ab80fd3cb5428b65af?s=96&d=mm&r=g\",\"url\":\"https:\\\/\\\/secure.gravatar.com\\\/avatar\\\/5310f602b6cbcfb86e030c4ccdbb78f6565a3b9bab6a74ab80fd3cb5428b65af?s=96&d=mm&r=g\",\"contentUrl\":\"https:\\\/\\\/secure.gravatar.com\\\/avatar\\\/5310f602b6cbcfb86e030c4ccdbb78f6565a3b9bab6a74ab80fd3cb5428b65af?s=96&d=mm&r=g\",\"caption\":\"admin\"},\"logo\":{\"@id\":\"https:\\\/\\\/secure.gravatar.com\\\/avatar\\\/5310f602b6cbcfb86e030c4ccdbb78f6565a3b9bab6a74ab80fd3cb5428b65af?s=96&d=mm&r=g\"},\"sameAs\":[\"http:\\\/\\\/informatepy.com\\\/2021\"]},{\"@type\":\"Person\",\"@id\":\"https:\\\/\\\/informatepy.com\\\/2021\\\/#\\\/schema\\\/person\\\/0c842f525f84ea74ef3b44370d11757b\",\"name\":\"Redacci\u00f3n\",\"image\":{\"@type\":\"ImageObject\",\"inLanguage\":\"es\",\"@id\":\"https:\\\/\\\/i0.wp.com\\\/informatepy.com\\\/2021\\\/wp-content\\\/uploads\\\/2021\\\/02\\\/informate-circulo.png?fit=96%2C96&ssl=1\",\"url\":\"https:\\\/\\\/i0.wp.com\\\/informatepy.com\\\/2021\\\/wp-content\\\/uploads\\\/2021\\\/02\\\/informate-circulo.png?fit=96%2C96&ssl=1\",\"contentUrl\":\"https:\\\/\\\/i0.wp.com\\\/informatepy.com\\\/2021\\\/wp-content\\\/uploads\\\/2021\\\/02\\\/informate-circulo.png?fit=96%2C96&ssl=1\",\"caption\":\"Redacci\u00f3n\"},\"sameAs\":[\"https:\\\/\\\/www.facebook.com\\\/InformatePyCom\",\"https:\\\/\\\/x.com\\\/https:\\\/\\\/twitter.com\\\/InformatePy1\"],\"url\":\"https:\\\/\\\/informatepy.com\\\/2021\\\/author\\\/redaccion\\\/\"}]}<\/script>\n<!-- \/ Yoast SEO plugin. -->","yoast_head_json":{"title":"Se tratar\u00e1 hoy el proyecto de ley de eliminaci\u00f3n del uso del tapabocas - Informatepy","robots":{"index":"index","follow":"follow","max-snippet":"max-snippet:-1","max-image-preview":"max-image-preview:large","max-video-preview":"max-video-preview:-1"},"canonical":"https:\/\/informatepy.com\/2021\/2022\/03\/09\/se-tratara-hoy-el-proyecto-de-ley-de-eliminacion-del-uso-del-tapabocas\/","og_locale":"es_ES","og_type":"article","og_title":"Se tratar\u00e1 hoy el proyecto de ley de eliminaci\u00f3n del uso del tapabocas - Informatepy","og_description":"Este mi\u00e9rcoles, la C\u00e1mara de Diputados tratar\u00e1 el proyecto que deroga la ley de uso obligatorio del tapabocas, la cual, a interpretaci\u00f3n de algunos, ya perdi\u00f3 vigencia. La propuesta figura en el punto 10 del orden del d\u00eda. El proyecto que fuera presentado por el diputado Jorge Br\u00edtez que deroga la ley del uso obligatorio [&hellip;]","og_url":"https:\/\/informatepy.com\/2021\/2022\/03\/09\/se-tratara-hoy-el-proyecto-de-ley-de-eliminacion-del-uso-del-tapabocas\/","og_site_name":"Informatepy","article_author":"https:\/\/www.facebook.com\/InformatePyCom","article_published_time":"2022-03-09T10:30:36+00:00","article_modified_time":"2022-03-09T10:30:39+00:00","og_image":[{"width":1024,"height":682,"url":"https:\/\/informatepy.com\/2021\/wp-content\/uploads\/2021\/07\/tapabocas.jpg","type":"image\/jpeg"}],"author":"Redacci\u00f3n","twitter_card":"summary_large_image","twitter_creator":"@https:\/\/twitter.com\/InformatePy1","twitter_misc":{"Escrito por":"Redacci\u00f3n","Tiempo de lectura":"1 minuto"},"schema":{"@context":"https:\/\/schema.org","@graph":[{"@type":"Article","@id":"https:\/\/informatepy.com\/2021\/2022\/03\/09\/se-tratara-hoy-el-proyecto-de-ley-de-eliminacion-del-uso-del-tapabocas\/#article","isPartOf":{"@id":"https:\/\/informatepy.com\/2021\/2022\/03\/09\/se-tratara-hoy-el-proyecto-de-ley-de-eliminacion-del-uso-del-tapabocas\/"},"author":{"name":"Redacci\u00f3n","@id":"https:\/\/informatepy.com\/2021\/#\/schema\/person\/0c842f525f84ea74ef3b44370d11757b"},"headline":"Se tratar\u00e1 hoy el proyecto de ley de eliminaci\u00f3n del uso del tapabocas","datePublished":"2022-03-09T10:30:36+00:00","dateModified":"2022-03-09T10:30:39+00:00","mainEntityOfPage":{"@id":"https:\/\/informatepy.com\/2021\/2022\/03\/09\/se-tratara-hoy-el-proyecto-de-ley-de-eliminacion-del-uso-del-tapabocas\/"},"wordCount":122,"commentCount":0,"publisher":{"@id":"https:\/\/informatepy.com\/2021\/#\/schema\/person\/edd302c981d6ba4596191719d1025a8a"},"image":{"@id":"https:\/\/informatepy.com\/2021\/2022\/03\/09\/se-tratara-hoy-el-proyecto-de-ley-de-eliminacion-del-uso-del-tapabocas\/#primaryimage"},"thumbnailUrl":"https:\/\/i0.wp.com\/informatepy.com\/2021\/wp-content\/uploads\/2021\/07\/tapabocas.jpg?fit=1024%2C682&ssl=1","keywords":["destacada","jorge britez"],"articleSection":["Nacionales"],"inLanguage":"es","potentialAction":[{"@type":"CommentAction","name":"Comment","target":["https:\/\/informatepy.com\/2021\/2022\/03\/09\/se-tratara-hoy-el-proyecto-de-ley-de-eliminacion-del-uso-del-tapabocas\/#respond"]}]},{"@type":"WebPage","@id":"https:\/\/informatepy.com\/2021\/2022\/03\/09\/se-tratara-hoy-el-proyecto-de-ley-de-eliminacion-del-uso-del-tapabocas\/","url":"https:\/\/informatepy.com\/2021\/2022\/03\/09\/se-tratara-hoy-el-proyecto-de-ley-de-eliminacion-del-uso-del-tapabocas\/","name":"Se tratar\u00e1 hoy el proyecto de ley de eliminaci\u00f3n del uso del tapabocas - Informatepy","isPartOf":{"@id":"https:\/\/informatepy.com\/2021\/#website"},"primaryImageOfPage":{"@id":"https:\/\/informatepy.com\/2021\/2022\/03\/09\/se-tratara-hoy-el-proyecto-de-ley-de-eliminacion-del-uso-del-tapabocas\/#primaryimage"},"image":{"@id":"https:\/\/informatepy.com\/2021\/2022\/03\/09\/se-tratara-hoy-el-proyecto-de-ley-de-eliminacion-del-uso-del-tapabocas\/#primaryimage"},"thumbnailUrl":"https:\/\/i0.wp.com\/informatepy.com\/2021\/wp-content\/uploads\/2021\/07\/tapabocas.jpg?fit=1024%2C682&ssl=1","datePublished":"2022-03-09T10:30:36+00:00","dateModified":"2022-03-09T10:30:39+00:00","breadcrumb":{"@id":"https:\/\/informatepy.com\/2021\/2022\/03\/09\/se-tratara-hoy-el-proyecto-de-ley-de-eliminacion-del-uso-del-tapabocas\/#breadcrumb"},"inLanguage":"es","potentialAction":[{"@type":"ReadAction","target":["https:\/\/informatepy.com\/2021\/2022\/03\/09\/se-tratara-hoy-el-proyecto-de-ley-de-eliminacion-del-uso-del-tapabocas\/"]}]},{"@type":"ImageObject","inLanguage":"es","@id":"https:\/\/informatepy.com\/2021\/2022\/03\/09\/se-tratara-hoy-el-proyecto-de-ley-de-eliminacion-del-uso-del-tapabocas\/#primaryimage","url":"https:\/\/i0.wp.com\/informatepy.com\/2021\/wp-content\/uploads\/2021\/07\/tapabocas.jpg?fit=1024%2C682&ssl=1","contentUrl":"https:\/\/i0.wp.com\/informatepy.com\/2021\/wp-content\/uploads\/2021\/07\/tapabocas.jpg?fit=1024%2C682&ssl=1","width":1024,"height":682},{"@type":"BreadcrumbList","@id":"https:\/\/informatepy.com\/2021\/2022\/03\/09\/se-tratara-hoy-el-proyecto-de-ley-de-eliminacion-del-uso-del-tapabocas\/#breadcrumb","itemListElement":[{"@type":"ListItem","position":1,"name":"Portada","item":"https:\/\/informatepy.com\/2021\/"},{"@type":"ListItem","position":2,"name":"Se tratar\u00e1 hoy el proyecto de ley de eliminaci\u00f3n del uso del tapabocas"}]},{"@type":"WebSite","@id":"https:\/\/informatepy.com\/2021\/#website","url":"https:\/\/informatepy.com\/2021\/","name":"Informatepy","description":"La verdad, siempre!","publisher":{"@id":"https:\/\/informatepy.com\/2021\/#\/schema\/person\/edd302c981d6ba4596191719d1025a8a"},"potentialAction":[{"@type":"SearchAction","target":{"@type":"EntryPoint","urlTemplate":"https:\/\/informatepy.com\/2021\/?s={search_term_string}"},"query-input":{"@type":"PropertyValueSpecification","valueRequired":true,"valueName":"search_term_string"}}],"inLanguage":"es"},{"@type":["Person","Organization"],"@id":"https:\/\/informatepy.com\/2021\/#\/schema\/person\/edd302c981d6ba4596191719d1025a8a","name":"admin","image":{"@type":"ImageObject","inLanguage":"es","@id":"https:\/\/secure.gravatar.com\/avatar\/5310f602b6cbcfb86e030c4ccdbb78f6565a3b9bab6a74ab80fd3cb5428b65af?s=96&d=mm&r=g","url":"https:\/\/secure.gravatar.com\/avatar\/5310f602b6cbcfb86e030c4ccdbb78f6565a3b9bab6a74ab80fd3cb5428b65af?s=96&d=mm&r=g","contentUrl":"https:\/\/secure.gravatar.com\/avatar\/5310f602b6cbcfb86e030c4ccdbb78f6565a3b9bab6a74ab80fd3cb5428b65af?s=96&d=mm&r=g","caption":"admin"},"logo":{"@id":"https:\/\/secure.gravatar.com\/avatar\/5310f602b6cbcfb86e030c4ccdbb78f6565a3b9bab6a74ab80fd3cb5428b65af?s=96&d=mm&r=g"},"sameAs":["http:\/\/informatepy.com\/2021"]},{"@type":"Person","@id":"https:\/\/informatepy.com\/2021\/#\/schema\/person\/0c842f525f84ea74ef3b44370d11757b","name":"Redacci\u00f3n","image":{"@type":"ImageObject","inLanguage":"es","@id":"https:\/\/i0.wp.com\/informatepy.com\/2021\/wp-content\/uploads\/2021\/02\/informate-circulo.png?fit=96%2C96&ssl=1","url":"https:\/\/i0.wp.com\/informatepy.com\/2021\/wp-content\/uploads\/2021\/02\/informate-circulo.png?fit=96%2C96&ssl=1","contentUrl":"https:\/\/i0.wp.com\/informatepy.com\/2021\/wp-content\/uploads\/2021\/02\/informate-circulo.png?fit=96%2C96&ssl=1","caption":"Redacci\u00f3n"},"sameAs":["https:\/\/www.facebook.com\/InformatePyCom","https:\/\/x.com\/https:\/\/twitter.com\/InformatePy1"],"url":"https:\/\/informatepy.com\/2021\/author\/redaccion\/"}]}},"jetpack_featured_media_url":"https:\/\/i0.wp.com\/informatepy.com\/2021\/wp-content\/uploads\/2021\/07\/tapabocas.jpg?fit=1024%2C682&ssl=1","jetpack_sharing_enabled":true,"jetpack_likes_enabled":true,"jetpack-related-posts":[{"id":7669,"url":"https:\/\/informatepy.com\/2021\/2021\/10\/12\/diputado-britez-presenta-proyecto-para-eliminar-la-obligatoriedad-del-uso-de-tapabocas\/","url_meta":{"origin":10520,"position":0},"title":"Diputado Br\u00edtez presenta proyecto para eliminar la OBLIGATORIEDAD del uso de tapabocas","date":"12 de octubre de 2021","format":false,"excerpt":"El diputado Jorge Br\u00edtez present\u00f3 un proyecto de ley que pretende eliminar la obligatoriedad del uso de tapabocas.","rel":"","context":"En \u00abNacionales\u00bb","img":{"alt_text":"","src":"https:\/\/i0.wp.com\/informatepy.com\/2021\/wp-content\/uploads\/2021\/07\/dip-jorge-britez-1.jpg?fit=680%2C383&ssl=1&resize=350%2C200","width":350,"height":200},"classes":[]},{"id":10532,"url":"https:\/\/informatepy.com\/2021\/2022\/03\/09\/diputados-aprueba-eliminar-la-obligatoriedad-del-uso-del-tapabocas-y-el-pasaporte-sanitario\/","url_meta":{"origin":10520,"position":1},"title":"Diputados aprueba eliminar la obligatoriedad del uso del tapabocas y el pasaporte sanitario","date":"9 de marzo de 2022","format":false,"excerpt":"La C\u00e1mara de Diputados aprob\u00f3 el proyecto presentado por el diputado independiente Jorge Br\u00edtez, que deroga la Ley 6699\/2020 de uso obligatorio del tapabocas y elimin\u00f3 la exigencia del pase sanitario. Por sugerencia del diputado colorado Basilio \"bachi\" N\u00fa\u00f1ez, se incorpor\u00f3 tambi\u00e9n la eliminaci\u00f3n de la exigencia del pase sanitario\u2026","rel":"","context":"En \u00abNacionales\u00bb","img":{"alt_text":"","src":"https:\/\/i0.wp.com\/informatepy.com\/2021\/wp-content\/uploads\/2022\/03\/Diputado-Britez-Foto-tapabocas.jpg?fit=719%2C536&ssl=1&resize=350%2C200","width":350,"height":200},"classes":[]},{"id":7032,"url":"https:\/\/informatepy.com\/2021\/2021\/09\/08\/abc-ataca-al-diputado-britez-por-no-ajustarse-al-relato\/","url_meta":{"origin":10520,"position":2},"title":"ABC ataca al diputado Br\u00edtez por no ajustarse al relato","date":"8 de septiembre de 2021","format":false,"excerpt":"En un d\u00eda particular, en el que uno de los grandes multimedios, Telefuturo puntualmente, fue duramente cuestionado por mentirle a la ciudadan\u00eda, el diario ABC sale a pretender, tambi\u00e9n, enga\u00f1ar a la poblaci\u00f3n. Con la intenci\u00f3n de etiquetar a un diputado que seguramente no se presta a los que muchos\u2026","rel":"","context":"En \u00abNacionales\u00bb","img":{"alt_text":"","src":"https:\/\/i0.wp.com\/informatepy.com\/2021\/wp-content\/uploads\/2021\/05\/abc.png?fit=225%2C225&ssl=1&resize=350%2C200","width":350,"height":200},"classes":[]},{"id":5967,"url":"https:\/\/informatepy.com\/2021\/2021\/07\/27\/diputado-jorge-britez-presento-proyecto-de-ley-contra-la-discriminacion-a-no-vacunados\/","url_meta":{"origin":10520,"position":3},"title":"Diputado Jorge Br\u00edtez present\u00f3 proyecto de ley contra la discriminaci\u00f3n a no vacunados","date":"27 de julio de 2021","format":false,"excerpt":"El diputado altoparanaense, Jorge Br\u00edtez, expres\u00f3 su postura contraria a la aplicaci\u00f3n compulsiva de las vacunas contra el COVID-19. Ahora el legislador propone proteger contra todo tipo de discriminaci\u00f3n a las personas vacunadas, con vacunaci\u00f3n incompleta y\/o no vacunadas, con la intenci\u00f3n de garantizar que nadie sea discriminado por la\u2026","rel":"","context":"En \u00abNacionales\u00bb","img":{"alt_text":"","src":"https:\/\/i0.wp.com\/informatepy.com\/2021\/wp-content\/uploads\/2021\/07\/dip-jorge-britez-1.jpg?fit=680%2C383&ssl=1&resize=350%2C200","width":350,"height":200},"classes":[]},{"id":11088,"url":"https:\/\/informatepy.com\/2021\/2022\/04\/08\/el-18-de-abril-decile-chau-al-tapabocas\/","url_meta":{"origin":10520,"position":4},"title":"El 18 de abril decile chau al tapabocas","date":"8 de abril de 2022","format":false,"excerpt":"Hern\u00e1n Huttemann, jefe de Gabinete Civil de la Presidencia, adelant\u00f3 que el 18 de abril se cumplen 45 d\u00edas de descenso sostenido de casos de coronavirus; escenario ideal para derogar la Ley de Emergencia, lo que significar\u00eda dejar sin efecto la obligatoriedad del uso de mascarillas. \u201cEl decreto 3.456 subsisti\u00f3\u2026","rel":"","context":"En \u00abNacionales\u00bb","img":{"alt_text":"","src":"https:\/\/i0.wp.com\/informatepy.com\/2021\/wp-content\/uploads\/2021\/12\/perro-con-tapabocas.jpg?fit=1200%2C900&ssl=1&resize=350%2C200","width":350,"height":200},"classes":[]},{"id":2047,"url":"https:\/\/informatepy.com\/2021\/2020\/07\/10\/proyectos-estupidos-y-el-de-riera\/","url_meta":{"origin":10520,"position":5},"title":"Proyectos est\u00fapidos&#8230; y el de Riera","date":"10 de julio de 2020","format":false,"excerpt":"La C\u00e1mara de Senadores aprob\u00f3 el d\u00eda de ayer un proyecto que establece el uso obligatorio de tapabocas en lugares cerrados, p\u00fablicos y privados con m\u00e1s de 5 personas. En caso de incumplimiento de la normativa, se prev\u00e9n multas que podr\u00edan superar los G. 500.000. Sanciones establecidas en el proyecto\u2026","rel":"","context":"En \u00abNacionales\u00bb","img":{"alt_text":"","src":"https:\/\/i0.wp.com\/informatepy.com\/2021\/wp-content\/uploads\/2021\/07\/tapabocas.jpg?fit=1024%2C682&ssl=1&resize=350%2C200","width":350,"height":200},"classes":[]}],"authors":[{"term_id":1051,"user_id":4,"is_guest":0,"slug":"redaccion","display_name":"Redacci\u00f3n","avatar_url":"https:\/\/i0.wp.com\/informatepy.com\/2021\/wp-content\/uploads\/2021\/02\/informate-circulo.png?fit=96%2C96&ssl=1","first_name":"Redacci\u00f3n","last_name":"","user_url":"","description":""}],"amp_enabled":true,"_links":{"self":[{"href":"https:\/\/informatepy.com\/2021\/wp-json\/wp\/v2\/posts\/10520","targetHints":{"allow":["GET"]}}],"collection":[{"href":"https:\/\/informatepy.com\/2021\/wp-json\/wp\/v2\/posts"}],"about":[{"href":"https:\/\/informatepy.com\/2021\/wp-json\/wp\/v2\/types\/post"}],"author":[{"embeddable":true,"href":"https:\/\/informatepy.com\/2021\/wp-json\/wp\/v2\/users\/4"}],"replies":[{"embeddable":true,"href":"https:\/\/informatepy.com\/2021\/wp-json\/wp\/v2\/comments?post=10520"}],"version-history":[{"count":1,"href":"https:\/\/informatepy.com\/2021\/wp-json\/wp\/v2\/posts\/10520\/revisions"}],"predecessor-version":[{"id":10521,"href":"https:\/\/informatepy.com\/2021\/wp-json\/wp\/v2\/posts\/10520\/revisions\/10521"}],"wp:featuredmedia":[{"embeddable":true,"href":"https:\/\/informatepy.com\/2021\/wp-json\/wp\/v2\/media\/2048"}],"wp:attachment":[{"href":"https:\/\/informatepy.com\/2021\/wp-json\/wp\/v2\/media?parent=10520"}],"wp:term":[{"taxonomy":"category","embeddable":true,"href":"https:\/\/informatepy.com\/2021\/wp-json\/wp\/v2\/categories?post=10520"},{"taxonomy":"post_tag","embeddable":true,"href":"https:\/\/informatepy.com\/2021\/wp-json\/wp\/v2\/tags?post=10520"},{"taxonomy":"author","embeddable":true,"href":"https:\/\/informatepy.com\/2021\/wp-json\/wp\/v2\/ppma_author?post=10520"}],"curies":[{"name":"wp","href":"https:\/\/api.w.org\/{rel}","templated":true}]}}