{"id":10476,"date":"2022-03-07T09:49:00","date_gmt":"2022-03-07T12:49:00","guid":{"rendered":"https:\/\/informatepy.com\/2021\/?p=10476"},"modified":"2022-03-07T07:55:38","modified_gmt":"2022-03-07T10:55:38","slug":"chile-aprueba-una-ley-para-proteger-derechos-laborales-de-mutantes-y-humanos-geneticamente-modificados","status":"publish","type":"post","link":"https:\/\/informatepy.com\/2021\/2022\/03\/07\/chile-aprueba-una-ley-para-proteger-derechos-laborales-de-mutantes-y-humanos-geneticamente-modificados\/","title":{"rendered":"Chile aprueba una ley para proteger derechos laborales de mutantes y humanos gen\u00e9ticamente modificados"},"content":{"rendered":"\n<p class=\"has-text-align-justify\">Adem\u00e1s de una ley que protege los neuroderechos, Chile ahora cuenta con una ley laboral para proteger\u00a0contra la discriminaci\u00f3n a los mutantes y las personas modificadas gen\u00e9ticamente\u00a0.\u00a0El Congreso Nacional de Chile aprob\u00f3\u00a0el 16 de febrero de 2022 un proyecto de ley denominado <strong><em>\u201cProh\u00edbe la Discriminaci\u00f3n Laboral por Mutaciones o Alteraciones de Material Gen\u00e9tico o Pruebas Gen\u00e9ticas\u201d.<\/em><\/strong><\/p>\n\n\n\n<p class=\"has-text-align-justify\">El Ministerio del Trabajo y Previsi\u00f3n Social, a trav\u00e9s de la Ley n\u00famero 21.422, aprobada el 03 de febrero de 2022, tiene por objeto <strong>prohibir a los empleadores realizar actos de discriminaci\u00f3n a sus trabajadores, frente a mutaciones o alteraciones de orden gen\u00e9tico o de ex\u00e1menes a fin de verificar aquellas condiciones, que puedan condicionar su contrataci\u00f3n.<\/strong><\/p>\n","protected":false},"excerpt":{"rendered":"<p>Adem\u00e1s de una ley que protege los neuroderechos, Chile ahora cuenta con una ley laboral para proteger\u00a0contra la discriminaci\u00f3n a los mutantes y las personas modificadas gen\u00e9ticamente\u00a0.\u00a0El Congreso Nacional de Chile aprob\u00f3\u00a0el 16 de febrero de 2022 un proyecto de ley denominado \u201cProh\u00edbe la Discriminaci\u00f3n Laboral por Mutaciones o Alteraciones de Material Gen\u00e9tico o Pruebas [&hellip;]<\/p>\n","protected":false},"author":4,"featured_media":10477,"comment_status":"open","ping_status":"open","sticky":false,"template":"","format":"standard","meta":{"_monsterinsights_skip_tracking":false,"_monsterinsights_sitenote_active":false,"_monsterinsights_sitenote_note":"","_monsterinsights_sitenote_category":0,"footnotes":"","jetpack_publicize_message":"","jetpack_is_tweetstorm":false,"jetpack_publicize_feature_enabled":true},"categories":[173],"tags":[740,1036],"ppma_author":[1051],"class_list":["post-10476","post","type-post","status-publish","format-standard","has-post-thumbnail","hentry","category-mundo","tag-chile","tag-destacada"],"jetpack_publicize_connections":[],"yoast_head":"<!-- This site is optimized with the Yoast SEO plugin v27.5 - https:\/\/yoast.com\/product\/yoast-seo-wordpress\/ -->\n<title>Chile aprueba una ley para proteger derechos laborales de mutantes y humanos gen\u00e9ticamente modificados - Informatepy<\/title>\n<meta name=\"robots\" content=\"index, follow, max-snippet:-1, max-image-preview:large, max-video-preview:-1\" \/>\n<link rel=\"canonical\" href=\"https:\/\/informatepy.com\/2021\/2022\/03\/07\/chile-aprueba-una-ley-para-proteger-derechos-laborales-de-mutantes-y-humanos-geneticamente-modificados\/\" \/>\n<meta property=\"og:locale\" content=\"es_ES\" \/>\n<meta property=\"og:type\" content=\"article\" \/>\n<meta property=\"og:title\" content=\"Chile aprueba una ley para proteger derechos laborales de mutantes y humanos gen\u00e9ticamente modificados - Informatepy\" \/>\n<meta property=\"og:description\" content=\"Adem\u00e1s de una ley que protege los neuroderechos, Chile ahora cuenta con una ley laboral para proteger\u00a0contra la discriminaci\u00f3n a los mutantes y las personas modificadas gen\u00e9ticamente\u00a0.\u00a0El Congreso Nacional de Chile aprob\u00f3\u00a0el 16 de febrero de 2022 un proyecto de ley denominado \u201cProh\u00edbe la Discriminaci\u00f3n Laboral por Mutaciones o Alteraciones de Material Gen\u00e9tico o Pruebas [&hellip;]\" \/>\n<meta property=\"og:url\" content=\"https:\/\/informatepy.com\/2021\/2022\/03\/07\/chile-aprueba-una-ley-para-proteger-derechos-laborales-de-mutantes-y-humanos-geneticamente-modificados\/\" \/>\n<meta property=\"og:site_name\" content=\"Informatepy\" \/>\n<meta property=\"article:author\" content=\"https:\/\/www.facebook.com\/InformatePyCom\" \/>\n<meta property=\"article:published_time\" content=\"2022-03-07T12:49:00+00:00\" \/>\n<meta property=\"og:image\" content=\"https:\/\/i0.wp.com\/informatepy.com\/2021\/wp-content\/uploads\/2022\/03\/xmen.jpg?fit=1200%2C801&ssl=1\" \/>\n\t<meta property=\"og:image:width\" content=\"1200\" \/>\n\t<meta property=\"og:image:height\" content=\"801\" \/>\n\t<meta property=\"og:image:type\" content=\"image\/jpeg\" \/>\n<meta name=\"author\" content=\"Redacci\u00f3n\" \/>\n<meta name=\"twitter:card\" content=\"summary_large_image\" \/>\n<meta name=\"twitter:creator\" content=\"@https:\/\/twitter.com\/InformatePy1\" \/>\n<meta name=\"twitter:label1\" content=\"Escrito por\" \/>\n\t<meta name=\"twitter:data1\" content=\"Redacci\u00f3n\" \/>\n\t<meta name=\"twitter:label2\" content=\"Tiempo de lectura\" \/>\n\t<meta name=\"twitter:data2\" content=\"1 minuto\" \/>\n<script type=\"application\/ld+json\" class=\"yoast-schema-graph\">{\"@context\":\"https:\\\/\\\/schema.org\",\"@graph\":[{\"@type\":\"Article\",\"@id\":\"https:\\\/\\\/informatepy.com\\\/2021\\\/2022\\\/03\\\/07\\\/chile-aprueba-una-ley-para-proteger-derechos-laborales-de-mutantes-y-humanos-geneticamente-modificados\\\/#article\",\"isPartOf\":{\"@id\":\"https:\\\/\\\/informatepy.com\\\/2021\\\/2022\\\/03\\\/07\\\/chile-aprueba-una-ley-para-proteger-derechos-laborales-de-mutantes-y-humanos-geneticamente-modificados\\\/\"},\"author\":{\"name\":\"Redacci\u00f3n\",\"@id\":\"https:\\\/\\\/informatepy.com\\\/2021\\\/#\\\/schema\\\/person\\\/0c842f525f84ea74ef3b44370d11757b\"},\"headline\":\"Chile aprueba una ley para proteger derechos laborales de mutantes y humanos gen\u00e9ticamente modificados\",\"datePublished\":\"2022-03-07T12:49:00+00:00\",\"mainEntityOfPage\":{\"@id\":\"https:\\\/\\\/informatepy.com\\\/2021\\\/2022\\\/03\\\/07\\\/chile-aprueba-una-ley-para-proteger-derechos-laborales-de-mutantes-y-humanos-geneticamente-modificados\\\/\"},\"wordCount\":140,\"commentCount\":0,\"publisher\":{\"@id\":\"https:\\\/\\\/informatepy.com\\\/2021\\\/#\\\/schema\\\/person\\\/edd302c981d6ba4596191719d1025a8a\"},\"image\":{\"@id\":\"https:\\\/\\\/informatepy.com\\\/2021\\\/2022\\\/03\\\/07\\\/chile-aprueba-una-ley-para-proteger-derechos-laborales-de-mutantes-y-humanos-geneticamente-modificados\\\/#primaryimage\"},\"thumbnailUrl\":\"https:\\\/\\\/i0.wp.com\\\/informatepy.com\\\/2021\\\/wp-content\\\/uploads\\\/2022\\\/03\\\/xmen.jpg?fit=1200%2C801&ssl=1\",\"keywords\":[\"chile\",\"destacada\"],\"articleSection\":[\"Mundo\"],\"inLanguage\":\"es\",\"potentialAction\":[{\"@type\":\"CommentAction\",\"name\":\"Comment\",\"target\":[\"https:\\\/\\\/informatepy.com\\\/2021\\\/2022\\\/03\\\/07\\\/chile-aprueba-una-ley-para-proteger-derechos-laborales-de-mutantes-y-humanos-geneticamente-modificados\\\/#respond\"]}]},{\"@type\":\"WebPage\",\"@id\":\"https:\\\/\\\/informatepy.com\\\/2021\\\/2022\\\/03\\\/07\\\/chile-aprueba-una-ley-para-proteger-derechos-laborales-de-mutantes-y-humanos-geneticamente-modificados\\\/\",\"url\":\"https:\\\/\\\/informatepy.com\\\/2021\\\/2022\\\/03\\\/07\\\/chile-aprueba-una-ley-para-proteger-derechos-laborales-de-mutantes-y-humanos-geneticamente-modificados\\\/\",\"name\":\"Chile aprueba una ley para proteger derechos laborales de mutantes y humanos gen\u00e9ticamente modificados - Informatepy\",\"isPartOf\":{\"@id\":\"https:\\\/\\\/informatepy.com\\\/2021\\\/#website\"},\"primaryImageOfPage\":{\"@id\":\"https:\\\/\\\/informatepy.com\\\/2021\\\/2022\\\/03\\\/07\\\/chile-aprueba-una-ley-para-proteger-derechos-laborales-de-mutantes-y-humanos-geneticamente-modificados\\\/#primaryimage\"},\"image\":{\"@id\":\"https:\\\/\\\/informatepy.com\\\/2021\\\/2022\\\/03\\\/07\\\/chile-aprueba-una-ley-para-proteger-derechos-laborales-de-mutantes-y-humanos-geneticamente-modificados\\\/#primaryimage\"},\"thumbnailUrl\":\"https:\\\/\\\/i0.wp.com\\\/informatepy.com\\\/2021\\\/wp-content\\\/uploads\\\/2022\\\/03\\\/xmen.jpg?fit=1200%2C801&ssl=1\",\"datePublished\":\"2022-03-07T12:49:00+00:00\",\"breadcrumb\":{\"@id\":\"https:\\\/\\\/informatepy.com\\\/2021\\\/2022\\\/03\\\/07\\\/chile-aprueba-una-ley-para-proteger-derechos-laborales-de-mutantes-y-humanos-geneticamente-modificados\\\/#breadcrumb\"},\"inLanguage\":\"es\",\"potentialAction\":[{\"@type\":\"ReadAction\",\"target\":[\"https:\\\/\\\/informatepy.com\\\/2021\\\/2022\\\/03\\\/07\\\/chile-aprueba-una-ley-para-proteger-derechos-laborales-de-mutantes-y-humanos-geneticamente-modificados\\\/\"]}]},{\"@type\":\"ImageObject\",\"inLanguage\":\"es\",\"@id\":\"https:\\\/\\\/informatepy.com\\\/2021\\\/2022\\\/03\\\/07\\\/chile-aprueba-una-ley-para-proteger-derechos-laborales-de-mutantes-y-humanos-geneticamente-modificados\\\/#primaryimage\",\"url\":\"https:\\\/\\\/i0.wp.com\\\/informatepy.com\\\/2021\\\/wp-content\\\/uploads\\\/2022\\\/03\\\/xmen.jpg?fit=1200%2C801&ssl=1\",\"contentUrl\":\"https:\\\/\\\/i0.wp.com\\\/informatepy.com\\\/2021\\\/wp-content\\\/uploads\\\/2022\\\/03\\\/xmen.jpg?fit=1200%2C801&ssl=1\",\"width\":1200,\"height\":801},{\"@type\":\"BreadcrumbList\",\"@id\":\"https:\\\/\\\/informatepy.com\\\/2021\\\/2022\\\/03\\\/07\\\/chile-aprueba-una-ley-para-proteger-derechos-laborales-de-mutantes-y-humanos-geneticamente-modificados\\\/#breadcrumb\",\"itemListElement\":[{\"@type\":\"ListItem\",\"position\":1,\"name\":\"Portada\",\"item\":\"https:\\\/\\\/informatepy.com\\\/2021\\\/\"},{\"@type\":\"ListItem\",\"position\":2,\"name\":\"Chile aprueba una ley para proteger derechos laborales de mutantes y humanos gen\u00e9ticamente modificados\"}]},{\"@type\":\"WebSite\",\"@id\":\"https:\\\/\\\/informatepy.com\\\/2021\\\/#website\",\"url\":\"https:\\\/\\\/informatepy.com\\\/2021\\\/\",\"name\":\"Informatepy\",\"description\":\"La verdad, siempre!\",\"publisher\":{\"@id\":\"https:\\\/\\\/informatepy.com\\\/2021\\\/#\\\/schema\\\/person\\\/edd302c981d6ba4596191719d1025a8a\"},\"potentialAction\":[{\"@type\":\"SearchAction\",\"target\":{\"@type\":\"EntryPoint\",\"urlTemplate\":\"https:\\\/\\\/informatepy.com\\\/2021\\\/?s={search_term_string}\"},\"query-input\":{\"@type\":\"PropertyValueSpecification\",\"valueRequired\":true,\"valueName\":\"search_term_string\"}}],\"inLanguage\":\"es\"},{\"@type\":[\"Person\",\"Organization\"],\"@id\":\"https:\\\/\\\/informatepy.com\\\/2021\\\/#\\\/schema\\\/person\\\/edd302c981d6ba4596191719d1025a8a\",\"name\":\"admin\",\"image\":{\"@type\":\"ImageObject\",\"inLanguage\":\"es\",\"@id\":\"https:\\\/\\\/secure.gravatar.com\\\/avatar\\\/5310f602b6cbcfb86e030c4ccdbb78f6565a3b9bab6a74ab80fd3cb5428b65af?s=96&d=mm&r=g\",\"url\":\"https:\\\/\\\/secure.gravatar.com\\\/avatar\\\/5310f602b6cbcfb86e030c4ccdbb78f6565a3b9bab6a74ab80fd3cb5428b65af?s=96&d=mm&r=g\",\"contentUrl\":\"https:\\\/\\\/secure.gravatar.com\\\/avatar\\\/5310f602b6cbcfb86e030c4ccdbb78f6565a3b9bab6a74ab80fd3cb5428b65af?s=96&d=mm&r=g\",\"caption\":\"admin\"},\"logo\":{\"@id\":\"https:\\\/\\\/secure.gravatar.com\\\/avatar\\\/5310f602b6cbcfb86e030c4ccdbb78f6565a3b9bab6a74ab80fd3cb5428b65af?s=96&d=mm&r=g\"},\"sameAs\":[\"http:\\\/\\\/informatepy.com\\\/2021\"]},{\"@type\":\"Person\",\"@id\":\"https:\\\/\\\/informatepy.com\\\/2021\\\/#\\\/schema\\\/person\\\/0c842f525f84ea74ef3b44370d11757b\",\"name\":\"Redacci\u00f3n\",\"image\":{\"@type\":\"ImageObject\",\"inLanguage\":\"es\",\"@id\":\"https:\\\/\\\/i0.wp.com\\\/informatepy.com\\\/2021\\\/wp-content\\\/uploads\\\/2021\\\/02\\\/informate-circulo.png?fit=96%2C96&ssl=1\",\"url\":\"https:\\\/\\\/i0.wp.com\\\/informatepy.com\\\/2021\\\/wp-content\\\/uploads\\\/2021\\\/02\\\/informate-circulo.png?fit=96%2C96&ssl=1\",\"contentUrl\":\"https:\\\/\\\/i0.wp.com\\\/informatepy.com\\\/2021\\\/wp-content\\\/uploads\\\/2021\\\/02\\\/informate-circulo.png?fit=96%2C96&ssl=1\",\"caption\":\"Redacci\u00f3n\"},\"sameAs\":[\"https:\\\/\\\/www.facebook.com\\\/InformatePyCom\",\"https:\\\/\\\/x.com\\\/https:\\\/\\\/twitter.com\\\/InformatePy1\"],\"url\":\"https:\\\/\\\/informatepy.com\\\/2021\\\/author\\\/redaccion\\\/\"}]}<\/script>\n<!-- \/ Yoast SEO plugin. -->","yoast_head_json":{"title":"Chile aprueba una ley para proteger derechos laborales de mutantes y humanos gen\u00e9ticamente modificados - Informatepy","robots":{"index":"index","follow":"follow","max-snippet":"max-snippet:-1","max-image-preview":"max-image-preview:large","max-video-preview":"max-video-preview:-1"},"canonical":"https:\/\/informatepy.com\/2021\/2022\/03\/07\/chile-aprueba-una-ley-para-proteger-derechos-laborales-de-mutantes-y-humanos-geneticamente-modificados\/","og_locale":"es_ES","og_type":"article","og_title":"Chile aprueba una ley para proteger derechos laborales de mutantes y humanos gen\u00e9ticamente modificados - Informatepy","og_description":"Adem\u00e1s de una ley que protege los neuroderechos, Chile ahora cuenta con una ley laboral para proteger\u00a0contra la discriminaci\u00f3n a los mutantes y las personas modificadas gen\u00e9ticamente\u00a0.\u00a0El Congreso Nacional de Chile aprob\u00f3\u00a0el 16 de febrero de 2022 un proyecto de ley denominado \u201cProh\u00edbe la Discriminaci\u00f3n Laboral por Mutaciones o Alteraciones de Material Gen\u00e9tico o Pruebas [&hellip;]","og_url":"https:\/\/informatepy.com\/2021\/2022\/03\/07\/chile-aprueba-una-ley-para-proteger-derechos-laborales-de-mutantes-y-humanos-geneticamente-modificados\/","og_site_name":"Informatepy","article_author":"https:\/\/www.facebook.com\/InformatePyCom","article_published_time":"2022-03-07T12:49:00+00:00","og_image":[{"width":1200,"height":801,"url":"https:\/\/i0.wp.com\/informatepy.com\/2021\/wp-content\/uploads\/2022\/03\/xmen.jpg?fit=1200%2C801&ssl=1","type":"image\/jpeg"}],"author":"Redacci\u00f3n","twitter_card":"summary_large_image","twitter_creator":"@https:\/\/twitter.com\/InformatePy1","twitter_misc":{"Escrito por":"Redacci\u00f3n","Tiempo de lectura":"1 minuto"},"schema":{"@context":"https:\/\/schema.org","@graph":[{"@type":"Article","@id":"https:\/\/informatepy.com\/2021\/2022\/03\/07\/chile-aprueba-una-ley-para-proteger-derechos-laborales-de-mutantes-y-humanos-geneticamente-modificados\/#article","isPartOf":{"@id":"https:\/\/informatepy.com\/2021\/2022\/03\/07\/chile-aprueba-una-ley-para-proteger-derechos-laborales-de-mutantes-y-humanos-geneticamente-modificados\/"},"author":{"name":"Redacci\u00f3n","@id":"https:\/\/informatepy.com\/2021\/#\/schema\/person\/0c842f525f84ea74ef3b44370d11757b"},"headline":"Chile aprueba una ley para proteger derechos laborales de mutantes y humanos gen\u00e9ticamente modificados","datePublished":"2022-03-07T12:49:00+00:00","mainEntityOfPage":{"@id":"https:\/\/informatepy.com\/2021\/2022\/03\/07\/chile-aprueba-una-ley-para-proteger-derechos-laborales-de-mutantes-y-humanos-geneticamente-modificados\/"},"wordCount":140,"commentCount":0,"publisher":{"@id":"https:\/\/informatepy.com\/2021\/#\/schema\/person\/edd302c981d6ba4596191719d1025a8a"},"image":{"@id":"https:\/\/informatepy.com\/2021\/2022\/03\/07\/chile-aprueba-una-ley-para-proteger-derechos-laborales-de-mutantes-y-humanos-geneticamente-modificados\/#primaryimage"},"thumbnailUrl":"https:\/\/i0.wp.com\/informatepy.com\/2021\/wp-content\/uploads\/2022\/03\/xmen.jpg?fit=1200%2C801&ssl=1","keywords":["chile","destacada"],"articleSection":["Mundo"],"inLanguage":"es","potentialAction":[{"@type":"CommentAction","name":"Comment","target":["https:\/\/informatepy.com\/2021\/2022\/03\/07\/chile-aprueba-una-ley-para-proteger-derechos-laborales-de-mutantes-y-humanos-geneticamente-modificados\/#respond"]}]},{"@type":"WebPage","@id":"https:\/\/informatepy.com\/2021\/2022\/03\/07\/chile-aprueba-una-ley-para-proteger-derechos-laborales-de-mutantes-y-humanos-geneticamente-modificados\/","url":"https:\/\/informatepy.com\/2021\/2022\/03\/07\/chile-aprueba-una-ley-para-proteger-derechos-laborales-de-mutantes-y-humanos-geneticamente-modificados\/","name":"Chile aprueba una ley para proteger derechos laborales de mutantes y humanos gen\u00e9ticamente modificados - Informatepy","isPartOf":{"@id":"https:\/\/informatepy.com\/2021\/#website"},"primaryImageOfPage":{"@id":"https:\/\/informatepy.com\/2021\/2022\/03\/07\/chile-aprueba-una-ley-para-proteger-derechos-laborales-de-mutantes-y-humanos-geneticamente-modificados\/#primaryimage"},"image":{"@id":"https:\/\/informatepy.com\/2021\/2022\/03\/07\/chile-aprueba-una-ley-para-proteger-derechos-laborales-de-mutantes-y-humanos-geneticamente-modificados\/#primaryimage"},"thumbnailUrl":"https:\/\/i0.wp.com\/informatepy.com\/2021\/wp-content\/uploads\/2022\/03\/xmen.jpg?fit=1200%2C801&ssl=1","datePublished":"2022-03-07T12:49:00+00:00","breadcrumb":{"@id":"https:\/\/informatepy.com\/2021\/2022\/03\/07\/chile-aprueba-una-ley-para-proteger-derechos-laborales-de-mutantes-y-humanos-geneticamente-modificados\/#breadcrumb"},"inLanguage":"es","potentialAction":[{"@type":"ReadAction","target":["https:\/\/informatepy.com\/2021\/2022\/03\/07\/chile-aprueba-una-ley-para-proteger-derechos-laborales-de-mutantes-y-humanos-geneticamente-modificados\/"]}]},{"@type":"ImageObject","inLanguage":"es","@id":"https:\/\/informatepy.com\/2021\/2022\/03\/07\/chile-aprueba-una-ley-para-proteger-derechos-laborales-de-mutantes-y-humanos-geneticamente-modificados\/#primaryimage","url":"https:\/\/i0.wp.com\/informatepy.com\/2021\/wp-content\/uploads\/2022\/03\/xmen.jpg?fit=1200%2C801&ssl=1","contentUrl":"https:\/\/i0.wp.com\/informatepy.com\/2021\/wp-content\/uploads\/2022\/03\/xmen.jpg?fit=1200%2C801&ssl=1","width":1200,"height":801},{"@type":"BreadcrumbList","@id":"https:\/\/informatepy.com\/2021\/2022\/03\/07\/chile-aprueba-una-ley-para-proteger-derechos-laborales-de-mutantes-y-humanos-geneticamente-modificados\/#breadcrumb","itemListElement":[{"@type":"ListItem","position":1,"name":"Portada","item":"https:\/\/informatepy.com\/2021\/"},{"@type":"ListItem","position":2,"name":"Chile aprueba una ley para proteger derechos laborales de mutantes y humanos gen\u00e9ticamente modificados"}]},{"@type":"WebSite","@id":"https:\/\/informatepy.com\/2021\/#website","url":"https:\/\/informatepy.com\/2021\/","name":"Informatepy","description":"La verdad, siempre!","publisher":{"@id":"https:\/\/informatepy.com\/2021\/#\/schema\/person\/edd302c981d6ba4596191719d1025a8a"},"potentialAction":[{"@type":"SearchAction","target":{"@type":"EntryPoint","urlTemplate":"https:\/\/informatepy.com\/2021\/?s={search_term_string}"},"query-input":{"@type":"PropertyValueSpecification","valueRequired":true,"valueName":"search_term_string"}}],"inLanguage":"es"},{"@type":["Person","Organization"],"@id":"https:\/\/informatepy.com\/2021\/#\/schema\/person\/edd302c981d6ba4596191719d1025a8a","name":"admin","image":{"@type":"ImageObject","inLanguage":"es","@id":"https:\/\/secure.gravatar.com\/avatar\/5310f602b6cbcfb86e030c4ccdbb78f6565a3b9bab6a74ab80fd3cb5428b65af?s=96&d=mm&r=g","url":"https:\/\/secure.gravatar.com\/avatar\/5310f602b6cbcfb86e030c4ccdbb78f6565a3b9bab6a74ab80fd3cb5428b65af?s=96&d=mm&r=g","contentUrl":"https:\/\/secure.gravatar.com\/avatar\/5310f602b6cbcfb86e030c4ccdbb78f6565a3b9bab6a74ab80fd3cb5428b65af?s=96&d=mm&r=g","caption":"admin"},"logo":{"@id":"https:\/\/secure.gravatar.com\/avatar\/5310f602b6cbcfb86e030c4ccdbb78f6565a3b9bab6a74ab80fd3cb5428b65af?s=96&d=mm&r=g"},"sameAs":["http:\/\/informatepy.com\/2021"]},{"@type":"Person","@id":"https:\/\/informatepy.com\/2021\/#\/schema\/person\/0c842f525f84ea74ef3b44370d11757b","name":"Redacci\u00f3n","image":{"@type":"ImageObject","inLanguage":"es","@id":"https:\/\/i0.wp.com\/informatepy.com\/2021\/wp-content\/uploads\/2021\/02\/informate-circulo.png?fit=96%2C96&ssl=1","url":"https:\/\/i0.wp.com\/informatepy.com\/2021\/wp-content\/uploads\/2021\/02\/informate-circulo.png?fit=96%2C96&ssl=1","contentUrl":"https:\/\/i0.wp.com\/informatepy.com\/2021\/wp-content\/uploads\/2021\/02\/informate-circulo.png?fit=96%2C96&ssl=1","caption":"Redacci\u00f3n"},"sameAs":["https:\/\/www.facebook.com\/InformatePyCom","https:\/\/x.com\/https:\/\/twitter.com\/InformatePy1"],"url":"https:\/\/informatepy.com\/2021\/author\/redaccion\/"}]}},"jetpack_featured_media_url":"https:\/\/i0.wp.com\/informatepy.com\/2021\/wp-content\/uploads\/2022\/03\/xmen.jpg?fit=1200%2C801&ssl=1","jetpack_sharing_enabled":true,"jetpack_likes_enabled":true,"jetpack-related-posts":[{"id":5967,"url":"https:\/\/informatepy.com\/2021\/2021\/07\/27\/diputado-jorge-britez-presento-proyecto-de-ley-contra-la-discriminacion-a-no-vacunados\/","url_meta":{"origin":10476,"position":0},"title":"Diputado Jorge Br\u00edtez present\u00f3 proyecto de ley contra la discriminaci\u00f3n a no vacunados","date":"27 de julio de 2021","format":false,"excerpt":"El diputado altoparanaense, Jorge Br\u00edtez, expres\u00f3 su postura contraria a la aplicaci\u00f3n compulsiva de las vacunas contra el COVID-19. Ahora el legislador propone proteger contra todo tipo de discriminaci\u00f3n a las personas vacunadas, con vacunaci\u00f3n incompleta y\/o no vacunadas, con la intenci\u00f3n de garantizar que nadie sea discriminado por la\u2026","rel":"","context":"En \u00abNacionales\u00bb","img":{"alt_text":"","src":"https:\/\/i0.wp.com\/informatepy.com\/2021\/wp-content\/uploads\/2021\/07\/dip-jorge-britez-1.jpg?fit=680%2C383&ssl=1&resize=350%2C200","width":350,"height":200},"classes":[]},{"id":12007,"url":"https:\/\/informatepy.com\/2021\/2022\/06\/07\/boric-apura-el-proyecto-de-ley-de-eutanasia\/","url_meta":{"origin":10476,"position":1},"title":"Boric apura el proyecto de ley de eutanasia","date":"7 de junio de 2022","format":false,"excerpt":"En el discurso durante su primera cuenta p\u00fablica desde que asumi\u00f3 el cargo, el\u00a0presidente de Chile, Gabriel Boric, anunci\u00f3 que dar\u00e1 urgencia a la tramitaci\u00f3n del proyecto de ley que establece el derecho a la eutanasia en Chile \"mediante\u00a0un proceso de consentimiento expreso, libre e informado\". \"Estamos comprometidos con el\u2026","rel":"","context":"En \u00abMundo\u00bb","img":{"alt_text":"","src":"https:\/\/i0.wp.com\/informatepy.com\/2021\/wp-content\/uploads\/2022\/06\/BORIC-congreso.jpg?fit=900%2C600&ssl=1&resize=350%2C200","width":350,"height":200},"classes":[]},{"id":9239,"url":"https:\/\/informatepy.com\/2021\/2022\/01\/08\/museos-del-holocausto-piden-a-los-visitantes-que-muestren-papeles-de-vacunacion-para-ingresar\/","url_meta":{"origin":10476,"position":2},"title":"Museos del Holocausto piden a los visitantes que muestren papeles de vacunaci\u00f3n para ingresar","date":"8 de enero de 2022","format":false,"excerpt":"\u201cDocumentos, por favor\u201d: La frase que reson\u00f3 durante la d\u00e9cada del \u201930 en Alemania vuelve con m\u00e1s fuerza que nunca, incluso en los lugares donde se conmemora a las v\u00edctimas de este tipo de discriminaci\u00f3n.","rel":"","context":"En \u00abMundo\u00bb","img":{"alt_text":"","src":"https:\/\/i0.wp.com\/informatepy.com\/2021\/wp-content\/uploads\/2022\/01\/museo-holocausto-eeuu.jpg?fit=1024%2C683&ssl=1&resize=350%2C200","width":350,"height":200},"classes":[]},{"id":11549,"url":"https:\/\/informatepy.com\/2021\/2022\/05\/09\/victoria-australia-autoridades-aprueban-una-ley-que-prohibe-a-la-poblacion-el-cultivo-de-sus-propios-alimentos\/","url_meta":{"origin":10476,"position":3},"title":"Victoria &#8211; Australia: autoridades aprueban una ley que proh\u00edbe a la poblaci\u00f3n cultivar sus propios alimentos","date":"9 de mayo de 2022","format":false,"excerpt":"El primer ministro del estado australiano de Victoria, Dan Andrews, aprob\u00f3 una ley que proh\u00edbe a la poblaci\u00f3n cultivar sus propios alimentos. El proyecto de ley para enmendar la Ley de Agricultura de 2022 ha pasado su segunda lectura en el Parlamento.\u00a0El motivo argumentado por el gobierno es la bioseguridad.\u2026","rel":"","context":"En \u00abMundo\u00bb","img":{"alt_text":"","src":"https:\/\/i0.wp.com\/informatepy.com\/2021\/wp-content\/uploads\/2022\/05\/dan-andrews-victoria-australia.jpg?fit=1200%2C675&ssl=1&resize=350%2C200","width":350,"height":200},"classes":[]},{"id":9330,"url":"https:\/\/informatepy.com\/2021\/2022\/01\/10\/diputados-de-honor-colorado-reiteran-su-postura-contraria-al-pase-sanitario\/","url_meta":{"origin":10476,"position":4},"title":"Diputados de Honor Colorado reiteran su postura contraria al pase sanitario","date":"10 de enero de 2022","format":false,"excerpt":"El presidente de la bancada de Honor Colorado en la C\u00e1mara de Diputados, Basilio \"Bachi\" Nu\u00f1ez, reiter\u00f3 su postura contraria al proyecto de ley de \"Pase Sanitario\" propuesto por Hugo Ram\u00edrez, asegurando que adem\u00e1s de ser su postura personal, es de toda la bancada que preside. Asimismo, asegur\u00f3 que \"una\u2026","rel":"","context":"En \u00abNacionales\u00bb","img":{"alt_text":"","src":"https:\/\/i0.wp.com\/informatepy.com\/2021\/wp-content\/uploads\/2022\/01\/bachinunez-honor.jpg?fit=750%2C469&ssl=1&resize=350%2C200","width":350,"height":200},"classes":[]},{"id":8327,"url":"https:\/\/informatepy.com\/2021\/2021\/11\/16\/rechazan-el-proyecto-de-discriminacion-de-personas-en-espacios-publicos-de-hugo-ramirez\/","url_meta":{"origin":10476,"position":5},"title":"Rechazan el proyecto de discriminaci\u00f3n de personas en espacios p\u00fablicos de Hugo Ram\u00edrez","date":"16 de noviembre de 2021","format":false,"excerpt":"El proyecto de ley presentado en el marco de la lucha contra la Covid-19 por el diputado Hugo Ram\u00edrez tuvo dictamen de rechazo, emitidos por la Comisi\u00f3n de Legislaci\u00f3n y Codificaci\u00f3n, presidida por el diputado Jorge \u00c1valos Mari\u00f1o (PLRA - Paraguar\u00ed). La iniciativa pretende crear sectores diferenciados para vacunados y\u2026","rel":"","context":"En \u00abNacionales\u00bb","img":{"alt_text":"","src":"https:\/\/i0.wp.com\/informatepy.com\/2021\/wp-content\/uploads\/2021\/11\/hugo-ramirez-zona-vacunados.jpg?fit=1200%2C675&ssl=1&resize=350%2C200","width":350,"height":200},"classes":[]}],"authors":[{"term_id":1051,"user_id":4,"is_guest":0,"slug":"redaccion","display_name":"Redacci\u00f3n","avatar_url":"https:\/\/i0.wp.com\/informatepy.com\/2021\/wp-content\/uploads\/2021\/02\/informate-circulo.png?fit=96%2C96&ssl=1","first_name":"Redacci\u00f3n","last_name":"","user_url":"","description":""}],"amp_enabled":true,"_links":{"self":[{"href":"https:\/\/informatepy.com\/2021\/wp-json\/wp\/v2\/posts\/10476","targetHints":{"allow":["GET"]}}],"collection":[{"href":"https:\/\/informatepy.com\/2021\/wp-json\/wp\/v2\/posts"}],"about":[{"href":"https:\/\/informatepy.com\/2021\/wp-json\/wp\/v2\/types\/post"}],"author":[{"embeddable":true,"href":"https:\/\/informatepy.com\/2021\/wp-json\/wp\/v2\/users\/4"}],"replies":[{"embeddable":true,"href":"https:\/\/informatepy.com\/2021\/wp-json\/wp\/v2\/comments?post=10476"}],"version-history":[{"count":1,"href":"https:\/\/informatepy.com\/2021\/wp-json\/wp\/v2\/posts\/10476\/revisions"}],"predecessor-version":[{"id":10478,"href":"https:\/\/informatepy.com\/2021\/wp-json\/wp\/v2\/posts\/10476\/revisions\/10478"}],"wp:featuredmedia":[{"embeddable":true,"href":"https:\/\/informatepy.com\/2021\/wp-json\/wp\/v2\/media\/10477"}],"wp:attachment":[{"href":"https:\/\/informatepy.com\/2021\/wp-json\/wp\/v2\/media?parent=10476"}],"wp:term":[{"taxonomy":"category","embeddable":true,"href":"https:\/\/informatepy.com\/2021\/wp-json\/wp\/v2\/categories?post=10476"},{"taxonomy":"post_tag","embeddable":true,"href":"https:\/\/informatepy.com\/2021\/wp-json\/wp\/v2\/tags?post=10476"},{"taxonomy":"author","embeddable":true,"href":"https:\/\/informatepy.com\/2021\/wp-json\/wp\/v2\/ppma_author?post=10476"}],"curies":[{"name":"wp","href":"https:\/\/api.w.org\/{rel}","templated":true}]}}