{"id":10261,"date":"2022-02-22T12:33:55","date_gmt":"2022-02-22T15:33:55","guid":{"rendered":"https:\/\/informatepy.com\/2021\/?p=10261"},"modified":"2022-02-22T12:33:57","modified_gmt":"2022-02-22T15:33:57","slug":"colombia-la-corte-constitucional-despenaliza-el-aborto-hasta-la-semana-24-de-gestacion","status":"publish","type":"post","link":"https:\/\/informatepy.com\/2021\/2022\/02\/22\/colombia-la-corte-constitucional-despenaliza-el-aborto-hasta-la-semana-24-de-gestacion\/","title":{"rendered":"Colombia: la Corte Constitucional despenaliza el aborto hasta la semana 24 de gestaci\u00f3n"},"content":{"rendered":"\n<p class=\"has-text-align-justify\">La Corte Constitucional de Colombia aprob\u00f3 la interrupci\u00f3n voluntaria del embarazo por&nbsp;<strong>cinco votos contra cuatro<\/strong>.<\/p>\n\n\n\n<p class=\"has-text-align-justify\">El fallo de la Corte se produce como respuesta a una demanda presentada en 2020 por el movimiento Causa Justa, una coalici\u00f3n de 90 organizaciones, en la que el colectivo exig\u00eda el fin de la criminalizaci\u00f3n del aborto.<\/p>\n\n\n\n<p class=\"has-text-align-justify\">En el pa\u00eds sudamericano el aborto estaba penado con hasta cuatro a\u00f1os y medio de c\u00e1rcel, aunque desde 2006 se permit\u00eda por tres causas: violaci\u00f3n, malformaci\u00f3n del feto o riesgo de salud para la madre, sin l\u00edmite de tiempo.<\/p>\n\n\n\n<p class=\"has-text-align-justify\">La Corte Constitucional exhort\u00f3 al Congreso y al Poder Ejecutivo a que dise\u00f1en e implementen una\u00a0<strong>\u00abpol\u00edtica p\u00fablica integral\u00bb al respecto en el \u00abmenor tiempo posible\u00bb<\/strong>.<\/p>\n","protected":false},"excerpt":{"rendered":"<p>La Corte Constitucional de Colombia aprob\u00f3 la interrupci\u00f3n voluntaria del embarazo por&nbsp;cinco votos contra cuatro. El fallo de la Corte se produce como respuesta a una demanda presentada en 2020 por el movimiento Causa Justa, una coalici\u00f3n de 90 organizaciones, en la que el colectivo exig\u00eda el fin de la criminalizaci\u00f3n del aborto. En el [&hellip;]<\/p>\n","protected":false},"author":4,"featured_media":2332,"comment_status":"open","ping_status":"open","sticky":false,"template":"","format":"standard","meta":{"_monsterinsights_skip_tracking":false,"_monsterinsights_sitenote_active":false,"_monsterinsights_sitenote_note":"","_monsterinsights_sitenote_category":0,"footnotes":"","jetpack_publicize_message":"","jetpack_is_tweetstorm":false,"jetpack_publicize_feature_enabled":true},"categories":[173],"tags":[970,1262,1036],"ppma_author":[1051],"class_list":["post-10261","post","type-post","status-publish","format-standard","has-post-thumbnail","hentry","category-mundo","tag-aborto","tag-colombia","tag-destacada"],"jetpack_publicize_connections":[],"yoast_head":"<!-- This site is optimized with the Yoast SEO plugin v27.4 - https:\/\/yoast.com\/product\/yoast-seo-wordpress\/ -->\n<title>Colombia: la Corte Constitucional despenaliza el aborto hasta la semana 24 de gestaci\u00f3n - Informatepy<\/title>\n<meta name=\"robots\" content=\"index, follow, max-snippet:-1, max-image-preview:large, max-video-preview:-1\" \/>\n<link rel=\"canonical\" href=\"https:\/\/informatepy.com\/2021\/2022\/02\/22\/colombia-la-corte-constitucional-despenaliza-el-aborto-hasta-la-semana-24-de-gestacion\/\" \/>\n<meta property=\"og:locale\" content=\"es_ES\" \/>\n<meta property=\"og:type\" content=\"article\" \/>\n<meta property=\"og:title\" content=\"Colombia: la Corte Constitucional despenaliza el aborto hasta la semana 24 de gestaci\u00f3n - Informatepy\" \/>\n<meta property=\"og:description\" content=\"La Corte Constitucional de Colombia aprob\u00f3 la interrupci\u00f3n voluntaria del embarazo por&nbsp;cinco votos contra cuatro. El fallo de la Corte se produce como respuesta a una demanda presentada en 2020 por el movimiento Causa Justa, una coalici\u00f3n de 90 organizaciones, en la que el colectivo exig\u00eda el fin de la criminalizaci\u00f3n del aborto. En el [&hellip;]\" \/>\n<meta property=\"og:url\" content=\"https:\/\/informatepy.com\/2021\/2022\/02\/22\/colombia-la-corte-constitucional-despenaliza-el-aborto-hasta-la-semana-24-de-gestacion\/\" \/>\n<meta property=\"og:site_name\" content=\"Informatepy\" \/>\n<meta property=\"article:author\" content=\"https:\/\/www.facebook.com\/InformatePyCom\" \/>\n<meta property=\"article:published_time\" content=\"2022-02-22T15:33:55+00:00\" \/>\n<meta property=\"article:modified_time\" content=\"2022-02-22T15:33:57+00:00\" \/>\n<meta property=\"og:image\" content=\"https:\/\/informatepy.com\/2021\/wp-content\/uploads\/2021\/12\/aborto.jpg\" \/>\n\t<meta property=\"og:image:width\" content=\"1247\" \/>\n\t<meta property=\"og:image:height\" content=\"698\" \/>\n\t<meta property=\"og:image:type\" content=\"image\/jpeg\" \/>\n<meta name=\"author\" content=\"Redacci\u00f3n\" \/>\n<meta name=\"twitter:card\" content=\"summary_large_image\" \/>\n<meta name=\"twitter:creator\" content=\"@https:\/\/twitter.com\/InformatePy1\" \/>\n<meta name=\"twitter:label1\" content=\"Escrito por\" \/>\n\t<meta name=\"twitter:data1\" content=\"Redacci\u00f3n\" \/>\n\t<meta name=\"twitter:label2\" content=\"Tiempo de lectura\" \/>\n\t<meta name=\"twitter:data2\" content=\"1 minuto\" \/>\n<script type=\"application\/ld+json\" class=\"yoast-schema-graph\">{\"@context\":\"https:\\\/\\\/schema.org\",\"@graph\":[{\"@type\":\"Article\",\"@id\":\"https:\\\/\\\/informatepy.com\\\/2021\\\/2022\\\/02\\\/22\\\/colombia-la-corte-constitucional-despenaliza-el-aborto-hasta-la-semana-24-de-gestacion\\\/#article\",\"isPartOf\":{\"@id\":\"https:\\\/\\\/informatepy.com\\\/2021\\\/2022\\\/02\\\/22\\\/colombia-la-corte-constitucional-despenaliza-el-aborto-hasta-la-semana-24-de-gestacion\\\/\"},\"author\":{\"name\":\"Redacci\u00f3n\",\"@id\":\"https:\\\/\\\/informatepy.com\\\/2021\\\/#\\\/schema\\\/person\\\/0c842f525f84ea74ef3b44370d11757b\"},\"headline\":\"Colombia: la Corte Constitucional despenaliza el aborto hasta la semana 24 de gestaci\u00f3n\",\"datePublished\":\"2022-02-22T15:33:55+00:00\",\"dateModified\":\"2022-02-22T15:33:57+00:00\",\"mainEntityOfPage\":{\"@id\":\"https:\\\/\\\/informatepy.com\\\/2021\\\/2022\\\/02\\\/22\\\/colombia-la-corte-constitucional-despenaliza-el-aborto-hasta-la-semana-24-de-gestacion\\\/\"},\"wordCount\":144,\"commentCount\":0,\"publisher\":{\"@id\":\"https:\\\/\\\/informatepy.com\\\/2021\\\/#\\\/schema\\\/person\\\/edd302c981d6ba4596191719d1025a8a\"},\"image\":{\"@id\":\"https:\\\/\\\/informatepy.com\\\/2021\\\/2022\\\/02\\\/22\\\/colombia-la-corte-constitucional-despenaliza-el-aborto-hasta-la-semana-24-de-gestacion\\\/#primaryimage\"},\"thumbnailUrl\":\"https:\\\/\\\/i0.wp.com\\\/informatepy.com\\\/2021\\\/wp-content\\\/uploads\\\/2021\\\/12\\\/aborto.jpg?fit=1247%2C698&ssl=1\",\"keywords\":[\"aborto\",\"colombia\",\"destacada\"],\"articleSection\":[\"Mundo\"],\"inLanguage\":\"es\",\"potentialAction\":[{\"@type\":\"CommentAction\",\"name\":\"Comment\",\"target\":[\"https:\\\/\\\/informatepy.com\\\/2021\\\/2022\\\/02\\\/22\\\/colombia-la-corte-constitucional-despenaliza-el-aborto-hasta-la-semana-24-de-gestacion\\\/#respond\"]}]},{\"@type\":\"WebPage\",\"@id\":\"https:\\\/\\\/informatepy.com\\\/2021\\\/2022\\\/02\\\/22\\\/colombia-la-corte-constitucional-despenaliza-el-aborto-hasta-la-semana-24-de-gestacion\\\/\",\"url\":\"https:\\\/\\\/informatepy.com\\\/2021\\\/2022\\\/02\\\/22\\\/colombia-la-corte-constitucional-despenaliza-el-aborto-hasta-la-semana-24-de-gestacion\\\/\",\"name\":\"Colombia: la Corte Constitucional despenaliza el aborto hasta la semana 24 de gestaci\u00f3n - Informatepy\",\"isPartOf\":{\"@id\":\"https:\\\/\\\/informatepy.com\\\/2021\\\/#website\"},\"primaryImageOfPage\":{\"@id\":\"https:\\\/\\\/informatepy.com\\\/2021\\\/2022\\\/02\\\/22\\\/colombia-la-corte-constitucional-despenaliza-el-aborto-hasta-la-semana-24-de-gestacion\\\/#primaryimage\"},\"image\":{\"@id\":\"https:\\\/\\\/informatepy.com\\\/2021\\\/2022\\\/02\\\/22\\\/colombia-la-corte-constitucional-despenaliza-el-aborto-hasta-la-semana-24-de-gestacion\\\/#primaryimage\"},\"thumbnailUrl\":\"https:\\\/\\\/i0.wp.com\\\/informatepy.com\\\/2021\\\/wp-content\\\/uploads\\\/2021\\\/12\\\/aborto.jpg?fit=1247%2C698&ssl=1\",\"datePublished\":\"2022-02-22T15:33:55+00:00\",\"dateModified\":\"2022-02-22T15:33:57+00:00\",\"breadcrumb\":{\"@id\":\"https:\\\/\\\/informatepy.com\\\/2021\\\/2022\\\/02\\\/22\\\/colombia-la-corte-constitucional-despenaliza-el-aborto-hasta-la-semana-24-de-gestacion\\\/#breadcrumb\"},\"inLanguage\":\"es\",\"potentialAction\":[{\"@type\":\"ReadAction\",\"target\":[\"https:\\\/\\\/informatepy.com\\\/2021\\\/2022\\\/02\\\/22\\\/colombia-la-corte-constitucional-despenaliza-el-aborto-hasta-la-semana-24-de-gestacion\\\/\"]}]},{\"@type\":\"ImageObject\",\"inLanguage\":\"es\",\"@id\":\"https:\\\/\\\/informatepy.com\\\/2021\\\/2022\\\/02\\\/22\\\/colombia-la-corte-constitucional-despenaliza-el-aborto-hasta-la-semana-24-de-gestacion\\\/#primaryimage\",\"url\":\"https:\\\/\\\/i0.wp.com\\\/informatepy.com\\\/2021\\\/wp-content\\\/uploads\\\/2021\\\/12\\\/aborto.jpg?fit=1247%2C698&ssl=1\",\"contentUrl\":\"https:\\\/\\\/i0.wp.com\\\/informatepy.com\\\/2021\\\/wp-content\\\/uploads\\\/2021\\\/12\\\/aborto.jpg?fit=1247%2C698&ssl=1\",\"width\":1247,\"height\":698},{\"@type\":\"BreadcrumbList\",\"@id\":\"https:\\\/\\\/informatepy.com\\\/2021\\\/2022\\\/02\\\/22\\\/colombia-la-corte-constitucional-despenaliza-el-aborto-hasta-la-semana-24-de-gestacion\\\/#breadcrumb\",\"itemListElement\":[{\"@type\":\"ListItem\",\"position\":1,\"name\":\"Portada\",\"item\":\"https:\\\/\\\/informatepy.com\\\/2021\\\/\"},{\"@type\":\"ListItem\",\"position\":2,\"name\":\"Colombia: la Corte Constitucional despenaliza el aborto hasta la semana 24 de gestaci\u00f3n\"}]},{\"@type\":\"WebSite\",\"@id\":\"https:\\\/\\\/informatepy.com\\\/2021\\\/#website\",\"url\":\"https:\\\/\\\/informatepy.com\\\/2021\\\/\",\"name\":\"Informatepy\",\"description\":\"La verdad, siempre!\",\"publisher\":{\"@id\":\"https:\\\/\\\/informatepy.com\\\/2021\\\/#\\\/schema\\\/person\\\/edd302c981d6ba4596191719d1025a8a\"},\"potentialAction\":[{\"@type\":\"SearchAction\",\"target\":{\"@type\":\"EntryPoint\",\"urlTemplate\":\"https:\\\/\\\/informatepy.com\\\/2021\\\/?s={search_term_string}\"},\"query-input\":{\"@type\":\"PropertyValueSpecification\",\"valueRequired\":true,\"valueName\":\"search_term_string\"}}],\"inLanguage\":\"es\"},{\"@type\":[\"Person\",\"Organization\"],\"@id\":\"https:\\\/\\\/informatepy.com\\\/2021\\\/#\\\/schema\\\/person\\\/edd302c981d6ba4596191719d1025a8a\",\"name\":\"admin\",\"image\":{\"@type\":\"ImageObject\",\"inLanguage\":\"es\",\"@id\":\"https:\\\/\\\/secure.gravatar.com\\\/avatar\\\/5310f602b6cbcfb86e030c4ccdbb78f6565a3b9bab6a74ab80fd3cb5428b65af?s=96&d=mm&r=g\",\"url\":\"https:\\\/\\\/secure.gravatar.com\\\/avatar\\\/5310f602b6cbcfb86e030c4ccdbb78f6565a3b9bab6a74ab80fd3cb5428b65af?s=96&d=mm&r=g\",\"contentUrl\":\"https:\\\/\\\/secure.gravatar.com\\\/avatar\\\/5310f602b6cbcfb86e030c4ccdbb78f6565a3b9bab6a74ab80fd3cb5428b65af?s=96&d=mm&r=g\",\"caption\":\"admin\"},\"logo\":{\"@id\":\"https:\\\/\\\/secure.gravatar.com\\\/avatar\\\/5310f602b6cbcfb86e030c4ccdbb78f6565a3b9bab6a74ab80fd3cb5428b65af?s=96&d=mm&r=g\"},\"sameAs\":[\"http:\\\/\\\/informatepy.com\\\/2021\"]},{\"@type\":\"Person\",\"@id\":\"https:\\\/\\\/informatepy.com\\\/2021\\\/#\\\/schema\\\/person\\\/0c842f525f84ea74ef3b44370d11757b\",\"name\":\"Redacci\u00f3n\",\"image\":{\"@type\":\"ImageObject\",\"inLanguage\":\"es\",\"@id\":\"https:\\\/\\\/i0.wp.com\\\/informatepy.com\\\/2021\\\/wp-content\\\/uploads\\\/2021\\\/02\\\/informate-circulo.png?fit=96%2C96&ssl=1\",\"url\":\"https:\\\/\\\/i0.wp.com\\\/informatepy.com\\\/2021\\\/wp-content\\\/uploads\\\/2021\\\/02\\\/informate-circulo.png?fit=96%2C96&ssl=1\",\"contentUrl\":\"https:\\\/\\\/i0.wp.com\\\/informatepy.com\\\/2021\\\/wp-content\\\/uploads\\\/2021\\\/02\\\/informate-circulo.png?fit=96%2C96&ssl=1\",\"caption\":\"Redacci\u00f3n\"},\"sameAs\":[\"https:\\\/\\\/www.facebook.com\\\/InformatePyCom\",\"https:\\\/\\\/x.com\\\/https:\\\/\\\/twitter.com\\\/InformatePy1\"],\"url\":\"https:\\\/\\\/informatepy.com\\\/2021\\\/author\\\/redaccion\\\/\"}]}<\/script>\n<!-- \/ Yoast SEO plugin. -->","yoast_head_json":{"title":"Colombia: la Corte Constitucional despenaliza el aborto hasta la semana 24 de gestaci\u00f3n - Informatepy","robots":{"index":"index","follow":"follow","max-snippet":"max-snippet:-1","max-image-preview":"max-image-preview:large","max-video-preview":"max-video-preview:-1"},"canonical":"https:\/\/informatepy.com\/2021\/2022\/02\/22\/colombia-la-corte-constitucional-despenaliza-el-aborto-hasta-la-semana-24-de-gestacion\/","og_locale":"es_ES","og_type":"article","og_title":"Colombia: la Corte Constitucional despenaliza el aborto hasta la semana 24 de gestaci\u00f3n - Informatepy","og_description":"La Corte Constitucional de Colombia aprob\u00f3 la interrupci\u00f3n voluntaria del embarazo por&nbsp;cinco votos contra cuatro. El fallo de la Corte se produce como respuesta a una demanda presentada en 2020 por el movimiento Causa Justa, una coalici\u00f3n de 90 organizaciones, en la que el colectivo exig\u00eda el fin de la criminalizaci\u00f3n del aborto. En el [&hellip;]","og_url":"https:\/\/informatepy.com\/2021\/2022\/02\/22\/colombia-la-corte-constitucional-despenaliza-el-aborto-hasta-la-semana-24-de-gestacion\/","og_site_name":"Informatepy","article_author":"https:\/\/www.facebook.com\/InformatePyCom","article_published_time":"2022-02-22T15:33:55+00:00","article_modified_time":"2022-02-22T15:33:57+00:00","og_image":[{"width":1247,"height":698,"url":"https:\/\/informatepy.com\/2021\/wp-content\/uploads\/2021\/12\/aborto.jpg","type":"image\/jpeg"}],"author":"Redacci\u00f3n","twitter_card":"summary_large_image","twitter_creator":"@https:\/\/twitter.com\/InformatePy1","twitter_misc":{"Escrito por":"Redacci\u00f3n","Tiempo de lectura":"1 minuto"},"schema":{"@context":"https:\/\/schema.org","@graph":[{"@type":"Article","@id":"https:\/\/informatepy.com\/2021\/2022\/02\/22\/colombia-la-corte-constitucional-despenaliza-el-aborto-hasta-la-semana-24-de-gestacion\/#article","isPartOf":{"@id":"https:\/\/informatepy.com\/2021\/2022\/02\/22\/colombia-la-corte-constitucional-despenaliza-el-aborto-hasta-la-semana-24-de-gestacion\/"},"author":{"name":"Redacci\u00f3n","@id":"https:\/\/informatepy.com\/2021\/#\/schema\/person\/0c842f525f84ea74ef3b44370d11757b"},"headline":"Colombia: la Corte Constitucional despenaliza el aborto hasta la semana 24 de gestaci\u00f3n","datePublished":"2022-02-22T15:33:55+00:00","dateModified":"2022-02-22T15:33:57+00:00","mainEntityOfPage":{"@id":"https:\/\/informatepy.com\/2021\/2022\/02\/22\/colombia-la-corte-constitucional-despenaliza-el-aborto-hasta-la-semana-24-de-gestacion\/"},"wordCount":144,"commentCount":0,"publisher":{"@id":"https:\/\/informatepy.com\/2021\/#\/schema\/person\/edd302c981d6ba4596191719d1025a8a"},"image":{"@id":"https:\/\/informatepy.com\/2021\/2022\/02\/22\/colombia-la-corte-constitucional-despenaliza-el-aborto-hasta-la-semana-24-de-gestacion\/#primaryimage"},"thumbnailUrl":"https:\/\/i0.wp.com\/informatepy.com\/2021\/wp-content\/uploads\/2021\/12\/aborto.jpg?fit=1247%2C698&ssl=1","keywords":["aborto","colombia","destacada"],"articleSection":["Mundo"],"inLanguage":"es","potentialAction":[{"@type":"CommentAction","name":"Comment","target":["https:\/\/informatepy.com\/2021\/2022\/02\/22\/colombia-la-corte-constitucional-despenaliza-el-aborto-hasta-la-semana-24-de-gestacion\/#respond"]}]},{"@type":"WebPage","@id":"https:\/\/informatepy.com\/2021\/2022\/02\/22\/colombia-la-corte-constitucional-despenaliza-el-aborto-hasta-la-semana-24-de-gestacion\/","url":"https:\/\/informatepy.com\/2021\/2022\/02\/22\/colombia-la-corte-constitucional-despenaliza-el-aborto-hasta-la-semana-24-de-gestacion\/","name":"Colombia: la Corte Constitucional despenaliza el aborto hasta la semana 24 de gestaci\u00f3n - Informatepy","isPartOf":{"@id":"https:\/\/informatepy.com\/2021\/#website"},"primaryImageOfPage":{"@id":"https:\/\/informatepy.com\/2021\/2022\/02\/22\/colombia-la-corte-constitucional-despenaliza-el-aborto-hasta-la-semana-24-de-gestacion\/#primaryimage"},"image":{"@id":"https:\/\/informatepy.com\/2021\/2022\/02\/22\/colombia-la-corte-constitucional-despenaliza-el-aborto-hasta-la-semana-24-de-gestacion\/#primaryimage"},"thumbnailUrl":"https:\/\/i0.wp.com\/informatepy.com\/2021\/wp-content\/uploads\/2021\/12\/aborto.jpg?fit=1247%2C698&ssl=1","datePublished":"2022-02-22T15:33:55+00:00","dateModified":"2022-02-22T15:33:57+00:00","breadcrumb":{"@id":"https:\/\/informatepy.com\/2021\/2022\/02\/22\/colombia-la-corte-constitucional-despenaliza-el-aborto-hasta-la-semana-24-de-gestacion\/#breadcrumb"},"inLanguage":"es","potentialAction":[{"@type":"ReadAction","target":["https:\/\/informatepy.com\/2021\/2022\/02\/22\/colombia-la-corte-constitucional-despenaliza-el-aborto-hasta-la-semana-24-de-gestacion\/"]}]},{"@type":"ImageObject","inLanguage":"es","@id":"https:\/\/informatepy.com\/2021\/2022\/02\/22\/colombia-la-corte-constitucional-despenaliza-el-aborto-hasta-la-semana-24-de-gestacion\/#primaryimage","url":"https:\/\/i0.wp.com\/informatepy.com\/2021\/wp-content\/uploads\/2021\/12\/aborto.jpg?fit=1247%2C698&ssl=1","contentUrl":"https:\/\/i0.wp.com\/informatepy.com\/2021\/wp-content\/uploads\/2021\/12\/aborto.jpg?fit=1247%2C698&ssl=1","width":1247,"height":698},{"@type":"BreadcrumbList","@id":"https:\/\/informatepy.com\/2021\/2022\/02\/22\/colombia-la-corte-constitucional-despenaliza-el-aborto-hasta-la-semana-24-de-gestacion\/#breadcrumb","itemListElement":[{"@type":"ListItem","position":1,"name":"Portada","item":"https:\/\/informatepy.com\/2021\/"},{"@type":"ListItem","position":2,"name":"Colombia: la Corte Constitucional despenaliza el aborto hasta la semana 24 de gestaci\u00f3n"}]},{"@type":"WebSite","@id":"https:\/\/informatepy.com\/2021\/#website","url":"https:\/\/informatepy.com\/2021\/","name":"Informatepy","description":"La verdad, siempre!","publisher":{"@id":"https:\/\/informatepy.com\/2021\/#\/schema\/person\/edd302c981d6ba4596191719d1025a8a"},"potentialAction":[{"@type":"SearchAction","target":{"@type":"EntryPoint","urlTemplate":"https:\/\/informatepy.com\/2021\/?s={search_term_string}"},"query-input":{"@type":"PropertyValueSpecification","valueRequired":true,"valueName":"search_term_string"}}],"inLanguage":"es"},{"@type":["Person","Organization"],"@id":"https:\/\/informatepy.com\/2021\/#\/schema\/person\/edd302c981d6ba4596191719d1025a8a","name":"admin","image":{"@type":"ImageObject","inLanguage":"es","@id":"https:\/\/secure.gravatar.com\/avatar\/5310f602b6cbcfb86e030c4ccdbb78f6565a3b9bab6a74ab80fd3cb5428b65af?s=96&d=mm&r=g","url":"https:\/\/secure.gravatar.com\/avatar\/5310f602b6cbcfb86e030c4ccdbb78f6565a3b9bab6a74ab80fd3cb5428b65af?s=96&d=mm&r=g","contentUrl":"https:\/\/secure.gravatar.com\/avatar\/5310f602b6cbcfb86e030c4ccdbb78f6565a3b9bab6a74ab80fd3cb5428b65af?s=96&d=mm&r=g","caption":"admin"},"logo":{"@id":"https:\/\/secure.gravatar.com\/avatar\/5310f602b6cbcfb86e030c4ccdbb78f6565a3b9bab6a74ab80fd3cb5428b65af?s=96&d=mm&r=g"},"sameAs":["http:\/\/informatepy.com\/2021"]},{"@type":"Person","@id":"https:\/\/informatepy.com\/2021\/#\/schema\/person\/0c842f525f84ea74ef3b44370d11757b","name":"Redacci\u00f3n","image":{"@type":"ImageObject","inLanguage":"es","@id":"https:\/\/i0.wp.com\/informatepy.com\/2021\/wp-content\/uploads\/2021\/02\/informate-circulo.png?fit=96%2C96&ssl=1","url":"https:\/\/i0.wp.com\/informatepy.com\/2021\/wp-content\/uploads\/2021\/02\/informate-circulo.png?fit=96%2C96&ssl=1","contentUrl":"https:\/\/i0.wp.com\/informatepy.com\/2021\/wp-content\/uploads\/2021\/02\/informate-circulo.png?fit=96%2C96&ssl=1","caption":"Redacci\u00f3n"},"sameAs":["https:\/\/www.facebook.com\/InformatePyCom","https:\/\/x.com\/https:\/\/twitter.com\/InformatePy1"],"url":"https:\/\/informatepy.com\/2021\/author\/redaccion\/"}]}},"jetpack_featured_media_url":"https:\/\/i0.wp.com\/informatepy.com\/2021\/wp-content\/uploads\/2021\/12\/aborto.jpg?fit=1247%2C698&ssl=1","jetpack_sharing_enabled":true,"jetpack_likes_enabled":true,"jetpack-related-posts":[{"id":7024,"url":"https:\/\/informatepy.com\/2021\/2021\/09\/07\/la-corte-suprema-de-mexico-habilita-el-aborto\/","url_meta":{"origin":10261,"position":0},"title":"La Corte Suprema de M\u00e9xico habilita el aborto","date":"7 de septiembre de 2021","format":false,"excerpt":"La\u00a0Suprema Corte de la Justicia de la Naci\u00f3n (SCJN)\u00a0declar\u00f3 la inconstitucionalidad de la penalizaci\u00f3n de las mujeres que deciden abortar en la primera etapa del embarazo, as\u00ed como el reconocimiento al derecho a decidir. Por unanimidad, los 10 ministros del pleno de la SCJN\u00a0invalidaron el art\u00edculo 196 del c\u00f3digo penal\u2026","rel":"","context":"En \u00abMundo\u00bb","img":{"alt_text":"","src":"https:\/\/i0.wp.com\/informatepy.com\/2021\/wp-content\/uploads\/2021\/12\/aborto.jpg?fit=1200%2C672&ssl=1&resize=350%2C200","width":350,"height":200},"classes":[]},{"id":12384,"url":"https:\/\/informatepy.com\/2021\/2022\/06\/26\/donde-hay-vida-hay-esperanza\/","url_meta":{"origin":10261,"position":1},"title":"Donde hay vida hay esperanza","date":"26 de junio de 2022","format":false,"excerpt":"El caso Roe vs. Wade fue el litigio judicial ocurrido en 1973 en el que La Corte Suprema de los Estados Unidos sentenci\u00f3 \u2015aludiendo el derecho a la privacidad\u2015 que la Constituci\u00f3n de Estados Unidos protege la libertad de una mujer embarazada para elegir abortar sin grandes restricciones gubernamentales. En\u2026","rel":"","context":"En \u00abAnalisis\u00bb","img":{"alt_text":"","src":"https:\/\/i0.wp.com\/informatepy.com\/2021\/wp-content\/uploads\/2021\/11\/HUGO-BALDERRAMA-COLUMNISTA.jpg?fit=1200%2C656&ssl=1&resize=350%2C200","width":350,"height":200},"classes":[]},{"id":9170,"url":"https:\/\/informatepy.com\/2021\/2022\/01\/02\/el-ano-en-que-eclosiono-la-conciencia-provida-en-el-mundo\/","url_meta":{"origin":10261,"position":2},"title":"El a\u00f1o en que eclosion\u00f3 la conciencia provida en el mundo","date":"2 de enero de 2022","format":false,"excerpt":"La batalla del Estado de Texas para evitar los abortos despu\u00e9s de la sexta semana de embarazo, o la posible revocaci\u00f3n de la sentencia Roe vs. Wade, podr\u00edan frenar la expansi\u00f3n del aborto en el mundo a partir de 2022","rel":"","context":"En \u00abMundo\u00bb","img":{"alt_text":"","src":"https:\/\/i0.wp.com\/informatepy.com\/2021\/wp-content\/uploads\/2022\/01\/no-al-aborto.jpeg?fit=1000%2C563&ssl=1&resize=350%2C200","width":350,"height":200},"classes":[]},{"id":10285,"url":"https:\/\/informatepy.com\/2021\/2022\/02\/23\/aborto-y-los-enemigos-de-la-humanidad\/","url_meta":{"origin":10261,"position":3},"title":"Aborto y los enemigos de la humanidad","date":"23 de febrero de 2022","format":false,"excerpt":"Ayer nos enter\u00e1bamos, en medio de una tormenta informativa proveniente de tantos lugares, de una noticia que a duras penas ingres\u00f3 en algunos recuadros peque\u00f1itos entre los grandes titulares de la prensa internacional: luego de una larga puja, la Sala Constitucional de la Corte Suprema de Justicia de Colombia dictamin\u00f3\u2026","rel":"","context":"En \u00abAnalisis\u00bb","img":{"alt_text":"","src":"https:\/\/i0.wp.com\/informatepy.com\/2021\/wp-content\/uploads\/2022\/02\/colombia-luto.jpeg?fit=1200%2C750&ssl=1&resize=350%2C200","width":350,"height":200},"classes":[]},{"id":13129,"url":"https:\/\/informatepy.com\/2021\/2022\/08\/05\/biden-vuelve-a-la-carga-para-intentar-facilitar-el-aborto\/","url_meta":{"origin":10261,"position":4},"title":"Biden vuelve a la carga para intentar facilitar el aborto","date":"5 de agosto de 2022","format":false,"excerpt":"El presidente firma el segundo decreto en apenas un mes para esquivar la doctrina de la justicia sobre el aborto. Facilitar\u00e1 los viajes intesestatales para interrumpir los embarazos.","rel":"","context":"En \u00abMundo\u00bb","img":{"alt_text":"","src":"https:\/\/i0.wp.com\/informatepy.com\/2021\/wp-content\/uploads\/2021\/08\/biden-manos-con-sangre.jpg?fit=1023%2C705&ssl=1&resize=350%2C200","width":350,"height":200},"classes":[]},{"id":11484,"url":"https:\/\/informatepy.com\/2021\/2022\/05\/05\/el-cainismo-visceral-de-dos-guerras-ucrania-y-el-aborto\/","url_meta":{"origin":10261,"position":5},"title":"El cainismo visceral de dos guerras: Ucrania y el aborto","date":"5 de mayo de 2022","format":false,"excerpt":"En 1944 los nazis perpetraron una de las masacres m\u00e1s conocidas en Italia. En 2011, el Papa Benedicto XVI visit\u00f3 las Fosas Ardeatianas, una mina abandonada donde los nazis fusilaron a m\u00e1s de 335 romanos, muchos de ellos de origen jud\u00edo. Calificando el nazismo como \"el mal m\u00e1s horrendo\". El\u2026","rel":"","context":"En \u00abAnalisis\u00bb","img":{"alt_text":"","src":"https:\/\/i0.wp.com\/informatepy.com\/2021\/wp-content\/uploads\/2022\/04\/Arthur-Charlan.png?fit=1200%2C656&ssl=1&resize=350%2C200","width":350,"height":200},"classes":[]}],"authors":[{"term_id":1051,"user_id":4,"is_guest":0,"slug":"redaccion","display_name":"Redacci\u00f3n","avatar_url":"https:\/\/i0.wp.com\/informatepy.com\/2021\/wp-content\/uploads\/2021\/02\/informate-circulo.png?fit=96%2C96&ssl=1","first_name":"Redacci\u00f3n","last_name":"","user_url":"","description":""}],"amp_enabled":true,"_links":{"self":[{"href":"https:\/\/informatepy.com\/2021\/wp-json\/wp\/v2\/posts\/10261","targetHints":{"allow":["GET"]}}],"collection":[{"href":"https:\/\/informatepy.com\/2021\/wp-json\/wp\/v2\/posts"}],"about":[{"href":"https:\/\/informatepy.com\/2021\/wp-json\/wp\/v2\/types\/post"}],"author":[{"embeddable":true,"href":"https:\/\/informatepy.com\/2021\/wp-json\/wp\/v2\/users\/4"}],"replies":[{"embeddable":true,"href":"https:\/\/informatepy.com\/2021\/wp-json\/wp\/v2\/comments?post=10261"}],"version-history":[{"count":1,"href":"https:\/\/informatepy.com\/2021\/wp-json\/wp\/v2\/posts\/10261\/revisions"}],"predecessor-version":[{"id":10262,"href":"https:\/\/informatepy.com\/2021\/wp-json\/wp\/v2\/posts\/10261\/revisions\/10262"}],"wp:featuredmedia":[{"embeddable":true,"href":"https:\/\/informatepy.com\/2021\/wp-json\/wp\/v2\/media\/2332"}],"wp:attachment":[{"href":"https:\/\/informatepy.com\/2021\/wp-json\/wp\/v2\/media?parent=10261"}],"wp:term":[{"taxonomy":"category","embeddable":true,"href":"https:\/\/informatepy.com\/2021\/wp-json\/wp\/v2\/categories?post=10261"},{"taxonomy":"post_tag","embeddable":true,"href":"https:\/\/informatepy.com\/2021\/wp-json\/wp\/v2\/tags?post=10261"},{"taxonomy":"author","embeddable":true,"href":"https:\/\/informatepy.com\/2021\/wp-json\/wp\/v2\/ppma_author?post=10261"}],"curies":[{"name":"wp","href":"https:\/\/api.w.org\/{rel}","templated":true}]}}