{"id":10148,"date":"2022-02-17T15:47:53","date_gmt":"2022-02-17T18:47:53","guid":{"rendered":"https:\/\/informatepy.com\/2021\/?p=10148"},"modified":"2022-02-17T15:47:56","modified_gmt":"2022-02-17T18:47:56","slug":"caso-lucio-dupuy-la-mama-y-su-pareja-seran-imputadas-por-abuso-y-crimen-de-odio","status":"publish","type":"post","link":"https:\/\/informatepy.com\/2021\/2022\/02\/17\/caso-lucio-dupuy-la-mama-y-su-pareja-seran-imputadas-por-abuso-y-crimen-de-odio\/","title":{"rendered":"Caso Lucio Dupuy: la mam\u00e1 y su pareja ser\u00e1n imputadas por abuso y crimen de odio"},"content":{"rendered":"\n<p class=\"has-text-align-justify\">En el reinicio de la feria judicial, el Ministerio P\u00fablico Fiscal de La Pampa solicit\u00f3 que se\u00a0<strong>ampl\u00ede la acusaci\u00f3n<\/strong>\u00a0contra la\u00a0madre de <a href=\"https:\/\/informatepy.com\/2021\/2021\/11\/28\/argentina-feministas-lgbt-matan-a-golpes-a-nino-de-5-anos-la-madre-del-nino-y-su-novia-fueron-detenidas\/\" target=\"_blank\" rel=\"noreferrer noopener\">Lucio Dupuy<\/a>,\u00a0el nene de 5 a\u00f1os asesinado en noviembre en La Pampa, y su pareja. Ahora se las imputar\u00e1 por\u00a0<strong>abuso sexual triplemente agravado por alevos\u00eda, ensa\u00f1amiento y odio al g\u00e9nero masculino.<\/strong><\/p>\n\n\n\n<p class=\"has-text-align-justify\">Hasta el momento Magdalena Esp\u00f3sito Valenti estaba acusada de \u201chomicidio calificado por el v\u00ednculo\u201d de su hijo y Abigail P\u00e1ez, por \u201chomicidio simple\u201d.<\/p>\n\n\n\n<p class=\"has-text-align-justify\">Este mi\u00e9rcoles, en una audiencia virtual, la fiscal Ver\u00f3nica Ferrero y su colega Walter Martos pidieron que\u00a0<a href=\"https:\/\/informatepy.com\/2021\/2021\/12\/18\/argentina-la-perspectiva-de-genero-podria-perjudicar-a-las-asesinas-de-lucio\/\" target=\"_blank\" rel=\"noreferrer noopener\"><strong>se agrave el delito<\/strong>\u00a0a las detenidas<\/a>\u00a0y el juez acept\u00f3 la solicitud.<\/p>\n\n\n\n<p class=\"has-text-align-justify\">La madre ser\u00e1 imputada por \u201c<strong>homicidio triplemente calificado por el v\u00ednculo y con ensa\u00f1amiento y alevos\u00eda<\/strong>; en concurso real con abuso sexual gravemente ultrajante por su duraci\u00f3n y formas concretas de realizaci\u00f3n y con acceso carnal v\u00eda anal, triplemente agravado por ser la guardadora al momento de los hechos, por ser cometido por dos personas y por existir convivencia con la v\u00edctima menor de 18 a\u00f1os, como delito continuado\u201d. En el caso de P\u00e1ez, ser\u00e1 acusada de \u201chomicidio doblemente agravado\u201d.<\/p>\n\n\n\n<p class=\"has-text-align-justify\">Seguir\u00e1n detenidas hasta que se desarrollen el resto de las pericias y se las env\u00ede a Juicio Oral y P\u00fablico.<\/p>\n\n\n\n<p class=\"has-text-align-justify\">Con esta imputaci\u00f3n se confirma\u00a0la hip\u00f3tesis planteada por la familia de Lucio.\u00a0<em><strong>\u201cLo mataron por ser var\u00f3n y por odio a mi hijo\u201d<\/strong><\/em>, hab\u00eda declarado el abuelo del ni\u00f1o.<\/p>\n\n\n\n<p class=\"has-text-align-justify\">La audiencia fue encabezada por el juez de control, N\u00e9stor Daniel Ralli, y estuvieron presentes los dos fiscales y las dos imputadas desde el Complejo Penitenciario 1 de San Luis, aunque en forma separada por pedidos de ellas.<\/p>\n\n\n\n<p class=\"has-text-align-justify\">Tambi\u00e9n participaron el defensor p\u00fablico Pablo de Biasi; la defensora p\u00fablica Mar\u00eda Silvina Blanco G\u00f3mez; la asesora de Ni\u00f1as, Ni\u00f1os y Adolescentes, Mar\u00eda Gabriela Manera; y el querellante particular Jos\u00e9 Mario Aguerrido, en representaci\u00f3n de Christian Dupuy, el padre de la v\u00edctima.<\/p>\n\n\n\n<h6 class=\"wp-block-heading\" id=\"con-informacion-de-tn\" style=\"font-style:normal;font-weight:300\">Con informaci\u00f3n de TN<\/h6>\n","protected":false},"excerpt":{"rendered":"<p>El juez acept\u00f3 el pedido de los fiscales para agravar la acusaci\u00f3n de Magdalena Esp\u00f3sito Valenti y Abigail P\u00e1ez.<\/p>\n","protected":false},"author":4,"featured_media":10149,"comment_status":"open","ping_status":"open","sticky":false,"template":"","format":"standard","meta":{"_monsterinsights_skip_tracking":false,"_monsterinsights_sitenote_active":false,"_monsterinsights_sitenote_note":"","_monsterinsights_sitenote_category":0,"footnotes":"","jetpack_publicize_message":"","jetpack_is_tweetstorm":false,"jetpack_publicize_feature_enabled":true},"categories":[173],"tags":[283,284,1036,463,1193],"ppma_author":[1051],"class_list":["post-10148","post","type-post","status-publish","format-standard","has-post-thumbnail","hentry","category-mundo","tag-abuso-infantil","tag-abuso-sexual","tag-destacada","tag-ideologia-de-genero","tag-lgbt"],"jetpack_publicize_connections":[],"yoast_head":"<!-- This site is optimized with the Yoast SEO plugin v27.4 - https:\/\/yoast.com\/product\/yoast-seo-wordpress\/ -->\n<title>Caso Lucio Dupuy: la mam\u00e1 y su pareja ser\u00e1n imputadas por abuso y crimen de odio - Informatepy<\/title>\n<meta name=\"robots\" content=\"index, follow, max-snippet:-1, max-image-preview:large, max-video-preview:-1\" \/>\n<link rel=\"canonical\" href=\"https:\/\/informatepy.com\/2021\/2022\/02\/17\/caso-lucio-dupuy-la-mama-y-su-pareja-seran-imputadas-por-abuso-y-crimen-de-odio\/\" \/>\n<meta property=\"og:locale\" content=\"es_ES\" \/>\n<meta property=\"og:type\" content=\"article\" \/>\n<meta property=\"og:title\" content=\"Caso Lucio Dupuy: la mam\u00e1 y su pareja ser\u00e1n imputadas por abuso y crimen de odio - Informatepy\" \/>\n<meta property=\"og:description\" content=\"El juez acept\u00f3 el pedido de los fiscales para agravar la acusaci\u00f3n de Magdalena Esp\u00f3sito Valenti y Abigail P\u00e1ez.\" \/>\n<meta property=\"og:url\" content=\"https:\/\/informatepy.com\/2021\/2022\/02\/17\/caso-lucio-dupuy-la-mama-y-su-pareja-seran-imputadas-por-abuso-y-crimen-de-odio\/\" \/>\n<meta property=\"og:site_name\" content=\"Informatepy\" \/>\n<meta property=\"article:author\" content=\"https:\/\/www.facebook.com\/InformatePyCom\" \/>\n<meta property=\"article:published_time\" content=\"2022-02-17T18:47:53+00:00\" \/>\n<meta property=\"article:modified_time\" content=\"2022-02-17T18:47:56+00:00\" \/>\n<meta property=\"og:image\" content=\"https:\/\/informatepy.com\/2021\/wp-content\/uploads\/2022\/02\/Abigail-Paez-y-Magdalena-Esposito-Valenti.jpg\" \/>\n\t<meta property=\"og:image:width\" content=\"1440\" \/>\n\t<meta property=\"og:image:height\" content=\"810\" \/>\n\t<meta property=\"og:image:type\" content=\"image\/jpeg\" \/>\n<meta name=\"author\" content=\"Redacci\u00f3n\" \/>\n<meta name=\"twitter:card\" content=\"summary_large_image\" \/>\n<meta name=\"twitter:creator\" content=\"@https:\/\/twitter.com\/InformatePy1\" \/>\n<meta name=\"twitter:label1\" content=\"Escrito por\" \/>\n\t<meta name=\"twitter:data1\" content=\"Redacci\u00f3n\" \/>\n\t<meta name=\"twitter:label2\" content=\"Tiempo de lectura\" \/>\n\t<meta name=\"twitter:data2\" content=\"2 minutos\" \/>\n<script type=\"application\/ld+json\" class=\"yoast-schema-graph\">{\"@context\":\"https:\\\/\\\/schema.org\",\"@graph\":[{\"@type\":\"Article\",\"@id\":\"https:\\\/\\\/informatepy.com\\\/2021\\\/2022\\\/02\\\/17\\\/caso-lucio-dupuy-la-mama-y-su-pareja-seran-imputadas-por-abuso-y-crimen-de-odio\\\/#article\",\"isPartOf\":{\"@id\":\"https:\\\/\\\/informatepy.com\\\/2021\\\/2022\\\/02\\\/17\\\/caso-lucio-dupuy-la-mama-y-su-pareja-seran-imputadas-por-abuso-y-crimen-de-odio\\\/\"},\"author\":{\"name\":\"Redacci\u00f3n\",\"@id\":\"https:\\\/\\\/informatepy.com\\\/2021\\\/#\\\/schema\\\/person\\\/0c842f525f84ea74ef3b44370d11757b\"},\"headline\":\"Caso Lucio Dupuy: la mam\u00e1 y su pareja ser\u00e1n imputadas por abuso y crimen de odio\",\"datePublished\":\"2022-02-17T18:47:53+00:00\",\"dateModified\":\"2022-02-17T18:47:56+00:00\",\"mainEntityOfPage\":{\"@id\":\"https:\\\/\\\/informatepy.com\\\/2021\\\/2022\\\/02\\\/17\\\/caso-lucio-dupuy-la-mama-y-su-pareja-seran-imputadas-por-abuso-y-crimen-de-odio\\\/\"},\"wordCount\":379,\"commentCount\":0,\"publisher\":{\"@id\":\"https:\\\/\\\/informatepy.com\\\/2021\\\/#\\\/schema\\\/person\\\/edd302c981d6ba4596191719d1025a8a\"},\"image\":{\"@id\":\"https:\\\/\\\/informatepy.com\\\/2021\\\/2022\\\/02\\\/17\\\/caso-lucio-dupuy-la-mama-y-su-pareja-seran-imputadas-por-abuso-y-crimen-de-odio\\\/#primaryimage\"},\"thumbnailUrl\":\"https:\\\/\\\/i0.wp.com\\\/informatepy.com\\\/2021\\\/wp-content\\\/uploads\\\/2022\\\/02\\\/Abigail-Paez-y-Magdalena-Esposito-Valenti.jpg?fit=1440%2C810&ssl=1\",\"keywords\":[\"abuso infantil\",\"abuso sexual\",\"destacada\",\"ideologia de genero\",\"lgbt\"],\"articleSection\":[\"Mundo\"],\"inLanguage\":\"es\",\"potentialAction\":[{\"@type\":\"CommentAction\",\"name\":\"Comment\",\"target\":[\"https:\\\/\\\/informatepy.com\\\/2021\\\/2022\\\/02\\\/17\\\/caso-lucio-dupuy-la-mama-y-su-pareja-seran-imputadas-por-abuso-y-crimen-de-odio\\\/#respond\"]}]},{\"@type\":\"WebPage\",\"@id\":\"https:\\\/\\\/informatepy.com\\\/2021\\\/2022\\\/02\\\/17\\\/caso-lucio-dupuy-la-mama-y-su-pareja-seran-imputadas-por-abuso-y-crimen-de-odio\\\/\",\"url\":\"https:\\\/\\\/informatepy.com\\\/2021\\\/2022\\\/02\\\/17\\\/caso-lucio-dupuy-la-mama-y-su-pareja-seran-imputadas-por-abuso-y-crimen-de-odio\\\/\",\"name\":\"Caso Lucio Dupuy: la mam\u00e1 y su pareja ser\u00e1n imputadas por abuso y crimen de odio - Informatepy\",\"isPartOf\":{\"@id\":\"https:\\\/\\\/informatepy.com\\\/2021\\\/#website\"},\"primaryImageOfPage\":{\"@id\":\"https:\\\/\\\/informatepy.com\\\/2021\\\/2022\\\/02\\\/17\\\/caso-lucio-dupuy-la-mama-y-su-pareja-seran-imputadas-por-abuso-y-crimen-de-odio\\\/#primaryimage\"},\"image\":{\"@id\":\"https:\\\/\\\/informatepy.com\\\/2021\\\/2022\\\/02\\\/17\\\/caso-lucio-dupuy-la-mama-y-su-pareja-seran-imputadas-por-abuso-y-crimen-de-odio\\\/#primaryimage\"},\"thumbnailUrl\":\"https:\\\/\\\/i0.wp.com\\\/informatepy.com\\\/2021\\\/wp-content\\\/uploads\\\/2022\\\/02\\\/Abigail-Paez-y-Magdalena-Esposito-Valenti.jpg?fit=1440%2C810&ssl=1\",\"datePublished\":\"2022-02-17T18:47:53+00:00\",\"dateModified\":\"2022-02-17T18:47:56+00:00\",\"breadcrumb\":{\"@id\":\"https:\\\/\\\/informatepy.com\\\/2021\\\/2022\\\/02\\\/17\\\/caso-lucio-dupuy-la-mama-y-su-pareja-seran-imputadas-por-abuso-y-crimen-de-odio\\\/#breadcrumb\"},\"inLanguage\":\"es\",\"potentialAction\":[{\"@type\":\"ReadAction\",\"target\":[\"https:\\\/\\\/informatepy.com\\\/2021\\\/2022\\\/02\\\/17\\\/caso-lucio-dupuy-la-mama-y-su-pareja-seran-imputadas-por-abuso-y-crimen-de-odio\\\/\"]}]},{\"@type\":\"ImageObject\",\"inLanguage\":\"es\",\"@id\":\"https:\\\/\\\/informatepy.com\\\/2021\\\/2022\\\/02\\\/17\\\/caso-lucio-dupuy-la-mama-y-su-pareja-seran-imputadas-por-abuso-y-crimen-de-odio\\\/#primaryimage\",\"url\":\"https:\\\/\\\/i0.wp.com\\\/informatepy.com\\\/2021\\\/wp-content\\\/uploads\\\/2022\\\/02\\\/Abigail-Paez-y-Magdalena-Esposito-Valenti.jpg?fit=1440%2C810&ssl=1\",\"contentUrl\":\"https:\\\/\\\/i0.wp.com\\\/informatepy.com\\\/2021\\\/wp-content\\\/uploads\\\/2022\\\/02\\\/Abigail-Paez-y-Magdalena-Esposito-Valenti.jpg?fit=1440%2C810&ssl=1\",\"width\":1440,\"height\":810},{\"@type\":\"BreadcrumbList\",\"@id\":\"https:\\\/\\\/informatepy.com\\\/2021\\\/2022\\\/02\\\/17\\\/caso-lucio-dupuy-la-mama-y-su-pareja-seran-imputadas-por-abuso-y-crimen-de-odio\\\/#breadcrumb\",\"itemListElement\":[{\"@type\":\"ListItem\",\"position\":1,\"name\":\"Portada\",\"item\":\"https:\\\/\\\/informatepy.com\\\/2021\\\/\"},{\"@type\":\"ListItem\",\"position\":2,\"name\":\"Caso Lucio Dupuy: la mam\u00e1 y su pareja ser\u00e1n imputadas por abuso y crimen de odio\"}]},{\"@type\":\"WebSite\",\"@id\":\"https:\\\/\\\/informatepy.com\\\/2021\\\/#website\",\"url\":\"https:\\\/\\\/informatepy.com\\\/2021\\\/\",\"name\":\"Informatepy\",\"description\":\"La verdad, siempre!\",\"publisher\":{\"@id\":\"https:\\\/\\\/informatepy.com\\\/2021\\\/#\\\/schema\\\/person\\\/edd302c981d6ba4596191719d1025a8a\"},\"potentialAction\":[{\"@type\":\"SearchAction\",\"target\":{\"@type\":\"EntryPoint\",\"urlTemplate\":\"https:\\\/\\\/informatepy.com\\\/2021\\\/?s={search_term_string}\"},\"query-input\":{\"@type\":\"PropertyValueSpecification\",\"valueRequired\":true,\"valueName\":\"search_term_string\"}}],\"inLanguage\":\"es\"},{\"@type\":[\"Person\",\"Organization\"],\"@id\":\"https:\\\/\\\/informatepy.com\\\/2021\\\/#\\\/schema\\\/person\\\/edd302c981d6ba4596191719d1025a8a\",\"name\":\"admin\",\"image\":{\"@type\":\"ImageObject\",\"inLanguage\":\"es\",\"@id\":\"https:\\\/\\\/secure.gravatar.com\\\/avatar\\\/5310f602b6cbcfb86e030c4ccdbb78f6565a3b9bab6a74ab80fd3cb5428b65af?s=96&d=mm&r=g\",\"url\":\"https:\\\/\\\/secure.gravatar.com\\\/avatar\\\/5310f602b6cbcfb86e030c4ccdbb78f6565a3b9bab6a74ab80fd3cb5428b65af?s=96&d=mm&r=g\",\"contentUrl\":\"https:\\\/\\\/secure.gravatar.com\\\/avatar\\\/5310f602b6cbcfb86e030c4ccdbb78f6565a3b9bab6a74ab80fd3cb5428b65af?s=96&d=mm&r=g\",\"caption\":\"admin\"},\"logo\":{\"@id\":\"https:\\\/\\\/secure.gravatar.com\\\/avatar\\\/5310f602b6cbcfb86e030c4ccdbb78f6565a3b9bab6a74ab80fd3cb5428b65af?s=96&d=mm&r=g\"},\"sameAs\":[\"http:\\\/\\\/informatepy.com\\\/2021\"]},{\"@type\":\"Person\",\"@id\":\"https:\\\/\\\/informatepy.com\\\/2021\\\/#\\\/schema\\\/person\\\/0c842f525f84ea74ef3b44370d11757b\",\"name\":\"Redacci\u00f3n\",\"image\":{\"@type\":\"ImageObject\",\"inLanguage\":\"es\",\"@id\":\"https:\\\/\\\/i0.wp.com\\\/informatepy.com\\\/2021\\\/wp-content\\\/uploads\\\/2021\\\/02\\\/informate-circulo.png?fit=96%2C96&ssl=1\",\"url\":\"https:\\\/\\\/i0.wp.com\\\/informatepy.com\\\/2021\\\/wp-content\\\/uploads\\\/2021\\\/02\\\/informate-circulo.png?fit=96%2C96&ssl=1\",\"contentUrl\":\"https:\\\/\\\/i0.wp.com\\\/informatepy.com\\\/2021\\\/wp-content\\\/uploads\\\/2021\\\/02\\\/informate-circulo.png?fit=96%2C96&ssl=1\",\"caption\":\"Redacci\u00f3n\"},\"sameAs\":[\"https:\\\/\\\/www.facebook.com\\\/InformatePyCom\",\"https:\\\/\\\/x.com\\\/https:\\\/\\\/twitter.com\\\/InformatePy1\"],\"url\":\"https:\\\/\\\/informatepy.com\\\/2021\\\/author\\\/redaccion\\\/\"}]}<\/script>\n<!-- \/ Yoast SEO plugin. -->","yoast_head_json":{"title":"Caso Lucio Dupuy: la mam\u00e1 y su pareja ser\u00e1n imputadas por abuso y crimen de odio - Informatepy","robots":{"index":"index","follow":"follow","max-snippet":"max-snippet:-1","max-image-preview":"max-image-preview:large","max-video-preview":"max-video-preview:-1"},"canonical":"https:\/\/informatepy.com\/2021\/2022\/02\/17\/caso-lucio-dupuy-la-mama-y-su-pareja-seran-imputadas-por-abuso-y-crimen-de-odio\/","og_locale":"es_ES","og_type":"article","og_title":"Caso Lucio Dupuy: la mam\u00e1 y su pareja ser\u00e1n imputadas por abuso y crimen de odio - Informatepy","og_description":"El juez acept\u00f3 el pedido de los fiscales para agravar la acusaci\u00f3n de Magdalena Esp\u00f3sito Valenti y Abigail P\u00e1ez.","og_url":"https:\/\/informatepy.com\/2021\/2022\/02\/17\/caso-lucio-dupuy-la-mama-y-su-pareja-seran-imputadas-por-abuso-y-crimen-de-odio\/","og_site_name":"Informatepy","article_author":"https:\/\/www.facebook.com\/InformatePyCom","article_published_time":"2022-02-17T18:47:53+00:00","article_modified_time":"2022-02-17T18:47:56+00:00","og_image":[{"width":1440,"height":810,"url":"https:\/\/informatepy.com\/2021\/wp-content\/uploads\/2022\/02\/Abigail-Paez-y-Magdalena-Esposito-Valenti.jpg","type":"image\/jpeg"}],"author":"Redacci\u00f3n","twitter_card":"summary_large_image","twitter_creator":"@https:\/\/twitter.com\/InformatePy1","twitter_misc":{"Escrito por":"Redacci\u00f3n","Tiempo de lectura":"2 minutos"},"schema":{"@context":"https:\/\/schema.org","@graph":[{"@type":"Article","@id":"https:\/\/informatepy.com\/2021\/2022\/02\/17\/caso-lucio-dupuy-la-mama-y-su-pareja-seran-imputadas-por-abuso-y-crimen-de-odio\/#article","isPartOf":{"@id":"https:\/\/informatepy.com\/2021\/2022\/02\/17\/caso-lucio-dupuy-la-mama-y-su-pareja-seran-imputadas-por-abuso-y-crimen-de-odio\/"},"author":{"name":"Redacci\u00f3n","@id":"https:\/\/informatepy.com\/2021\/#\/schema\/person\/0c842f525f84ea74ef3b44370d11757b"},"headline":"Caso Lucio Dupuy: la mam\u00e1 y su pareja ser\u00e1n imputadas por abuso y crimen de odio","datePublished":"2022-02-17T18:47:53+00:00","dateModified":"2022-02-17T18:47:56+00:00","mainEntityOfPage":{"@id":"https:\/\/informatepy.com\/2021\/2022\/02\/17\/caso-lucio-dupuy-la-mama-y-su-pareja-seran-imputadas-por-abuso-y-crimen-de-odio\/"},"wordCount":379,"commentCount":0,"publisher":{"@id":"https:\/\/informatepy.com\/2021\/#\/schema\/person\/edd302c981d6ba4596191719d1025a8a"},"image":{"@id":"https:\/\/informatepy.com\/2021\/2022\/02\/17\/caso-lucio-dupuy-la-mama-y-su-pareja-seran-imputadas-por-abuso-y-crimen-de-odio\/#primaryimage"},"thumbnailUrl":"https:\/\/i0.wp.com\/informatepy.com\/2021\/wp-content\/uploads\/2022\/02\/Abigail-Paez-y-Magdalena-Esposito-Valenti.jpg?fit=1440%2C810&ssl=1","keywords":["abuso infantil","abuso sexual","destacada","ideologia de genero","lgbt"],"articleSection":["Mundo"],"inLanguage":"es","potentialAction":[{"@type":"CommentAction","name":"Comment","target":["https:\/\/informatepy.com\/2021\/2022\/02\/17\/caso-lucio-dupuy-la-mama-y-su-pareja-seran-imputadas-por-abuso-y-crimen-de-odio\/#respond"]}]},{"@type":"WebPage","@id":"https:\/\/informatepy.com\/2021\/2022\/02\/17\/caso-lucio-dupuy-la-mama-y-su-pareja-seran-imputadas-por-abuso-y-crimen-de-odio\/","url":"https:\/\/informatepy.com\/2021\/2022\/02\/17\/caso-lucio-dupuy-la-mama-y-su-pareja-seran-imputadas-por-abuso-y-crimen-de-odio\/","name":"Caso Lucio Dupuy: la mam\u00e1 y su pareja ser\u00e1n imputadas por abuso y crimen de odio - Informatepy","isPartOf":{"@id":"https:\/\/informatepy.com\/2021\/#website"},"primaryImageOfPage":{"@id":"https:\/\/informatepy.com\/2021\/2022\/02\/17\/caso-lucio-dupuy-la-mama-y-su-pareja-seran-imputadas-por-abuso-y-crimen-de-odio\/#primaryimage"},"image":{"@id":"https:\/\/informatepy.com\/2021\/2022\/02\/17\/caso-lucio-dupuy-la-mama-y-su-pareja-seran-imputadas-por-abuso-y-crimen-de-odio\/#primaryimage"},"thumbnailUrl":"https:\/\/i0.wp.com\/informatepy.com\/2021\/wp-content\/uploads\/2022\/02\/Abigail-Paez-y-Magdalena-Esposito-Valenti.jpg?fit=1440%2C810&ssl=1","datePublished":"2022-02-17T18:47:53+00:00","dateModified":"2022-02-17T18:47:56+00:00","breadcrumb":{"@id":"https:\/\/informatepy.com\/2021\/2022\/02\/17\/caso-lucio-dupuy-la-mama-y-su-pareja-seran-imputadas-por-abuso-y-crimen-de-odio\/#breadcrumb"},"inLanguage":"es","potentialAction":[{"@type":"ReadAction","target":["https:\/\/informatepy.com\/2021\/2022\/02\/17\/caso-lucio-dupuy-la-mama-y-su-pareja-seran-imputadas-por-abuso-y-crimen-de-odio\/"]}]},{"@type":"ImageObject","inLanguage":"es","@id":"https:\/\/informatepy.com\/2021\/2022\/02\/17\/caso-lucio-dupuy-la-mama-y-su-pareja-seran-imputadas-por-abuso-y-crimen-de-odio\/#primaryimage","url":"https:\/\/i0.wp.com\/informatepy.com\/2021\/wp-content\/uploads\/2022\/02\/Abigail-Paez-y-Magdalena-Esposito-Valenti.jpg?fit=1440%2C810&ssl=1","contentUrl":"https:\/\/i0.wp.com\/informatepy.com\/2021\/wp-content\/uploads\/2022\/02\/Abigail-Paez-y-Magdalena-Esposito-Valenti.jpg?fit=1440%2C810&ssl=1","width":1440,"height":810},{"@type":"BreadcrumbList","@id":"https:\/\/informatepy.com\/2021\/2022\/02\/17\/caso-lucio-dupuy-la-mama-y-su-pareja-seran-imputadas-por-abuso-y-crimen-de-odio\/#breadcrumb","itemListElement":[{"@type":"ListItem","position":1,"name":"Portada","item":"https:\/\/informatepy.com\/2021\/"},{"@type":"ListItem","position":2,"name":"Caso Lucio Dupuy: la mam\u00e1 y su pareja ser\u00e1n imputadas por abuso y crimen de odio"}]},{"@type":"WebSite","@id":"https:\/\/informatepy.com\/2021\/#website","url":"https:\/\/informatepy.com\/2021\/","name":"Informatepy","description":"La verdad, siempre!","publisher":{"@id":"https:\/\/informatepy.com\/2021\/#\/schema\/person\/edd302c981d6ba4596191719d1025a8a"},"potentialAction":[{"@type":"SearchAction","target":{"@type":"EntryPoint","urlTemplate":"https:\/\/informatepy.com\/2021\/?s={search_term_string}"},"query-input":{"@type":"PropertyValueSpecification","valueRequired":true,"valueName":"search_term_string"}}],"inLanguage":"es"},{"@type":["Person","Organization"],"@id":"https:\/\/informatepy.com\/2021\/#\/schema\/person\/edd302c981d6ba4596191719d1025a8a","name":"admin","image":{"@type":"ImageObject","inLanguage":"es","@id":"https:\/\/secure.gravatar.com\/avatar\/5310f602b6cbcfb86e030c4ccdbb78f6565a3b9bab6a74ab80fd3cb5428b65af?s=96&d=mm&r=g","url":"https:\/\/secure.gravatar.com\/avatar\/5310f602b6cbcfb86e030c4ccdbb78f6565a3b9bab6a74ab80fd3cb5428b65af?s=96&d=mm&r=g","contentUrl":"https:\/\/secure.gravatar.com\/avatar\/5310f602b6cbcfb86e030c4ccdbb78f6565a3b9bab6a74ab80fd3cb5428b65af?s=96&d=mm&r=g","caption":"admin"},"logo":{"@id":"https:\/\/secure.gravatar.com\/avatar\/5310f602b6cbcfb86e030c4ccdbb78f6565a3b9bab6a74ab80fd3cb5428b65af?s=96&d=mm&r=g"},"sameAs":["http:\/\/informatepy.com\/2021"]},{"@type":"Person","@id":"https:\/\/informatepy.com\/2021\/#\/schema\/person\/0c842f525f84ea74ef3b44370d11757b","name":"Redacci\u00f3n","image":{"@type":"ImageObject","inLanguage":"es","@id":"https:\/\/i0.wp.com\/informatepy.com\/2021\/wp-content\/uploads\/2021\/02\/informate-circulo.png?fit=96%2C96&ssl=1","url":"https:\/\/i0.wp.com\/informatepy.com\/2021\/wp-content\/uploads\/2021\/02\/informate-circulo.png?fit=96%2C96&ssl=1","contentUrl":"https:\/\/i0.wp.com\/informatepy.com\/2021\/wp-content\/uploads\/2021\/02\/informate-circulo.png?fit=96%2C96&ssl=1","caption":"Redacci\u00f3n"},"sameAs":["https:\/\/www.facebook.com\/InformatePyCom","https:\/\/x.com\/https:\/\/twitter.com\/InformatePy1"],"url":"https:\/\/informatepy.com\/2021\/author\/redaccion\/"}]}},"jetpack_featured_media_url":"https:\/\/i0.wp.com\/informatepy.com\/2021\/wp-content\/uploads\/2022\/02\/Abigail-Paez-y-Magdalena-Esposito-Valenti.jpg?fit=1440%2C810&ssl=1","jetpack_sharing_enabled":true,"jetpack_likes_enabled":true,"jetpack-related-posts":[{"id":13087,"url":"https:\/\/informatepy.com\/2021\/2022\/08\/03\/el-abuelo-de-lucio-dupuy-el-nene-asesinado-por-su-madre-y-la-novia-en-argentina-conto-detalles-aberrantes-lo-mutilaron-de-todos-lados\/","url_meta":{"origin":10148,"position":0},"title":"El abuelo de Lucio Dupuy (el nene asesinado por su madre y la novia en Argentina) cont\u00f3 detalles aberrantes: \u00abLo mutilaron de todos lados\u00bb","date":"3 de agosto de 2022","format":false,"excerpt":"Los fiscales del caso dieron a conocer un nuevo informe donde surgieron a la luz escalofriantes datos sobre la convivencia del ni\u00f1o con su madre y su pareja.","rel":"","context":"En \u00abMundo\u00bb","img":{"alt_text":"","src":"https:\/\/i0.wp.com\/informatepy.com\/2021\/wp-content\/uploads\/2022\/03\/asesinas-lucio-dupuy.webp?fit=1200%2C675&ssl=1&resize=350%2C200","width":350,"height":200},"classes":[]},{"id":8614,"url":"https:\/\/informatepy.com\/2021\/2021\/12\/01\/la-mama-de-lucio-dupuy-y-su-novia-fueron-golpeadas-por-otras-presas-en-el-penal-de-san-luis\/","url_meta":{"origin":10148,"position":1},"title":"ARGENTINA: La mam\u00e1 de Lucio Dupuy y su novia fueron golpeadas por otras presas en el penal de San Luis","date":"1 de diciembre de 2021","format":false,"excerpt":"As\u00ed lo confirmaron las autoridades del Complejo Penitenciario N\u00b01 de la provincia de Cuyo. Ambas est\u00e1n aisladas en el lugar donde se encuentran detenidas.","rel":"","context":"En \u00abMundo\u00bb","img":{"alt_text":"","src":"https:\/\/i0.wp.com\/informatepy.com\/2021\/wp-content\/uploads\/2021\/12\/Magdalena-Esposito-Valenti-y-Abigail-Paez.jpg?fit=1200%2C672&ssl=1&resize=350%2C200","width":350,"height":200},"classes":[]},{"id":10681,"url":"https:\/\/informatepy.com\/2021\/2022\/03\/17\/caso-lucio-dupuy-las-pericias-psicologicas-revelaron-que-asesinaron-al-nino-porque-era-varon-e-interferia-en-la-pareja\/","url_meta":{"origin":10148,"position":2},"title":"Caso Lucio Dupuy: Las pericias psicol\u00f3gicas revelaron que asesinaron al ni\u00f1o porque \u201cera var\u00f3n e interfer\u00eda en la pareja\u201d","date":"17 de marzo de 2022","format":false,"excerpt":"El caso del brutal asesinato del ni\u00f1o de cinco a\u00f1os Lucio Dupuy\u00a0continua dejando rasgos escalofriantes. Este mi\u00e9rcoles se dieron a conocer p\u00fablicamente los resultados de las pericias psicol\u00f3gicas a los que fueron expuestos\u00a0Magdalena Esp\u00f3sito Valenti\u00a0(madre de Lucio)\u00a0y su novia, (Abigail P\u00e1ez), las cuales revelaron que, tanto Magdalena como Abigail comparten\u2026","rel":"","context":"En \u00abMundo\u00bb","img":{"alt_text":"","src":"https:\/\/i0.wp.com\/informatepy.com\/2021\/wp-content\/uploads\/2022\/03\/asesinas-lucio-dupuy.webp?fit=1200%2C675&ssl=1&resize=350%2C200","width":350,"height":200},"classes":[]},{"id":8538,"url":"https:\/\/informatepy.com\/2021\/2021\/11\/28\/argentina-feministas-lgbt-matan-a-golpes-a-nino-de-5-anos-la-madre-del-nino-y-su-novia-fueron-detenidas\/","url_meta":{"origin":10148,"position":3},"title":"Argentina: feministas LGBT matan a golpes a ni\u00f1o de 5 a\u00f1os. La madre del ni\u00f1o y su novia fueron detenidas","date":"28 de noviembre de 2021","format":false,"excerpt":"Conmociona a la provincia argentina de La Pampa el brutal asesinato de un ni\u00f1o de 5 a\u00f1os por parte de su madre y su novia. El juez N\u00e9stor Ralli dict\u00f3 este s\u00e1bado la prisi\u00f3n preventiva a las dos mujeres LGBT acusadas del infanticidio de Lucio Dupuy, en Santa Rosa. Se\u2026","rel":"","context":"En \u00abMundo\u00bb","img":{"alt_text":"","src":"https:\/\/i0.wp.com\/informatepy.com\/2021\/wp-content\/uploads\/2021\/11\/naci-para-ser-libre.png?fit=1200%2C657&ssl=1&resize=350%2C200","width":350,"height":200},"classes":[]},{"id":8891,"url":"https:\/\/informatepy.com\/2021\/2021\/12\/18\/argentina-la-perspectiva-de-genero-podria-perjudicar-a-las-asesinas-de-lucio\/","url_meta":{"origin":10148,"position":4},"title":"ARGENTINA: La perspectiva de g\u00e9nero podr\u00eda perjudicar a las asesinas de Lucio","date":"18 de diciembre de 2021","format":false,"excerpt":"\u00bfLucio Dupuy fue asesinado culpa de la impunidad que gozar\u00eda la perspectiva de g\u00e9nero? Esa es la pregunta que muchos nos hacemos y, aunque el debate ha comenzado y es intenso, muchos conocemos la respuesta. El caso de la pareja\u00a0LGBT\u00a0imputada por el asesinato del ni\u00f1o de 5 a\u00f1os,\u00a0 Magdalena Esp\u00f3sito\u2026","rel":"","context":"En \u00abMundo\u00bb","img":{"alt_text":"","src":"https:\/\/i0.wp.com\/informatepy.com\/2021\/wp-content\/uploads\/2021\/11\/naci-para-ser-libre.png?fit=1200%2C657&ssl=1&resize=350%2C200","width":350,"height":200},"classes":[]},{"id":8880,"url":"https:\/\/informatepy.com\/2021\/2021\/12\/17\/yo-acuso\/","url_meta":{"origin":10148,"position":5},"title":"Yo acuso","date":"17 de diciembre de 2021","format":false,"excerpt":"J'accusse...! J'accusse...! Gritaban los canillitas por las calles de Par\u00eds aquella ma\u00f1ana del 13 de enero de 1898. T\u00edtulo del mejor art\u00edculo\u00a0period\u00edstico de la historia, escrito en forma de carta y dirigido al presidente de la III Rep\u00fablica de Francia, a la saz\u00f3n, F\u00e9lix Faure, publicado en la tapa del\u2026","rel":"","context":"En \u00abAnalisis\u00bb","img":{"alt_text":"","src":"https:\/\/i0.wp.com\/informatepy.com\/2021\/wp-content\/uploads\/2021\/11\/raul-melamed-columnista.png?fit=1200%2C657&ssl=1&resize=350%2C200","width":350,"height":200},"classes":[]}],"authors":[{"term_id":1051,"user_id":4,"is_guest":0,"slug":"redaccion","display_name":"Redacci\u00f3n","avatar_url":"https:\/\/i0.wp.com\/informatepy.com\/2021\/wp-content\/uploads\/2021\/02\/informate-circulo.png?fit=96%2C96&ssl=1","first_name":"Redacci\u00f3n","last_name":"","user_url":"","description":""}],"amp_enabled":true,"_links":{"self":[{"href":"https:\/\/informatepy.com\/2021\/wp-json\/wp\/v2\/posts\/10148","targetHints":{"allow":["GET"]}}],"collection":[{"href":"https:\/\/informatepy.com\/2021\/wp-json\/wp\/v2\/posts"}],"about":[{"href":"https:\/\/informatepy.com\/2021\/wp-json\/wp\/v2\/types\/post"}],"author":[{"embeddable":true,"href":"https:\/\/informatepy.com\/2021\/wp-json\/wp\/v2\/users\/4"}],"replies":[{"embeddable":true,"href":"https:\/\/informatepy.com\/2021\/wp-json\/wp\/v2\/comments?post=10148"}],"version-history":[{"count":1,"href":"https:\/\/informatepy.com\/2021\/wp-json\/wp\/v2\/posts\/10148\/revisions"}],"predecessor-version":[{"id":10150,"href":"https:\/\/informatepy.com\/2021\/wp-json\/wp\/v2\/posts\/10148\/revisions\/10150"}],"wp:featuredmedia":[{"embeddable":true,"href":"https:\/\/informatepy.com\/2021\/wp-json\/wp\/v2\/media\/10149"}],"wp:attachment":[{"href":"https:\/\/informatepy.com\/2021\/wp-json\/wp\/v2\/media?parent=10148"}],"wp:term":[{"taxonomy":"category","embeddable":true,"href":"https:\/\/informatepy.com\/2021\/wp-json\/wp\/v2\/categories?post=10148"},{"taxonomy":"post_tag","embeddable":true,"href":"https:\/\/informatepy.com\/2021\/wp-json\/wp\/v2\/tags?post=10148"},{"taxonomy":"author","embeddable":true,"href":"https:\/\/informatepy.com\/2021\/wp-json\/wp\/v2\/ppma_author?post=10148"}],"curies":[{"name":"wp","href":"https:\/\/api.w.org\/{rel}","templated":true}]}}