{"id":10133,"date":"2022-02-16T14:09:38","date_gmt":"2022-02-16T17:09:38","guid":{"rendered":"https:\/\/informatepy.com\/2021\/?p=10133"},"modified":"2022-02-16T14:09:41","modified_gmt":"2022-02-16T17:09:41","slug":"trudeau-cada-dia-mas-solo-cinco-provincias-canadienses-abandonan-los-pasaportes-de-vacunas","status":"publish","type":"post","link":"https:\/\/informatepy.com\/2021\/2022\/02\/16\/trudeau-cada-dia-mas-solo-cinco-provincias-canadienses-abandonan-los-pasaportes-de-vacunas\/","title":{"rendered":"Trudeau cada d\u00eda m\u00e1s solo: cinco provincias canadienses abandonan los pasaportes de vacunas"},"content":{"rendered":"\n<p>El primer ministro Justin Trudeau, en medio\u00a0del colapso de los\u00a0\u00edndices de aprobaci\u00f3n internos (16% de imagen positiva), est\u00e1 presenciando un abandono de sus pol\u00edticas a gran escala en las provincias.<\/p>\n\n\n\n<p class=\"has-text-align-justify\">El abandono de estas pol\u00edticas y el derrumbe de su imagen, se produce a medida que el primer ministro avanza en la implementaci\u00f3n de la ley marcial para los manifestantes del <strong>\u00abFreedom Convoy\u00bb<\/strong>, quienes simplemente quieren que sean respetados sus derechos humanos b\u00e1sicos.<\/p>\n\n\n\n<p class=\"has-text-align-justify\">El lunes, el primer ministro de Quebec, <strong>Fran\u00e7ois Legault<\/strong>,\u00a0se reuni\u00f3\u00a0con funcionarios de salud p\u00fablica para discutir el levantamiento del sistema de pasaporte de vacunas de la provincia.\u00a0Ese anuncio se produjo el martes por la tarde.<\/p>\n\n\n\n<p class=\"has-text-align-justify\">Quebec se convierte as\u00ed en la quinta provincia en anunciar el fin de los pasaportes de vacunas, uni\u00e9ndose a Alberta, Saskatchewan, la Isla del Pr\u00edncipe Eduardo y Ontario.<\/p>\n","protected":false},"excerpt":{"rendered":"<p>El primer ministro Justin Trudeau, en medio\u00a0del colapso de los\u00a0\u00edndices de aprobaci\u00f3n internos (16% de imagen positiva), est\u00e1 presenciando un abandono de sus pol\u00edticas a gran escala en las provincias. El abandono de estas pol\u00edticas y el derrumbe de su imagen, se produce a medida que el primer ministro avanza en la implementaci\u00f3n de la [&hellip;]<\/p>\n","protected":false},"author":4,"featured_media":10134,"comment_status":"open","ping_status":"open","sticky":false,"template":"","format":"standard","meta":{"_monsterinsights_skip_tracking":false,"_monsterinsights_sitenote_active":false,"_monsterinsights_sitenote_note":"","_monsterinsights_sitenote_category":0,"footnotes":"","jetpack_publicize_message":"","jetpack_is_tweetstorm":false,"jetpack_publicize_feature_enabled":true},"categories":[173],"tags":[1391,1036,1418],"ppma_author":[1051],"class_list":["post-10133","post","type-post","status-publish","format-standard","has-post-thumbnail","hentry","category-mundo","tag-canada","tag-destacada","tag-justin-trudeau"],"jetpack_publicize_connections":[],"yoast_head":"<!-- This site is optimized with the Yoast SEO plugin v27.4 - https:\/\/yoast.com\/product\/yoast-seo-wordpress\/ -->\n<title>Trudeau cada d\u00eda m\u00e1s solo: cinco provincias canadienses abandonan los pasaportes de vacunas - Informatepy<\/title>\n<meta name=\"robots\" content=\"index, follow, max-snippet:-1, max-image-preview:large, max-video-preview:-1\" \/>\n<link rel=\"canonical\" href=\"https:\/\/informatepy.com\/2021\/2022\/02\/16\/trudeau-cada-dia-mas-solo-cinco-provincias-canadienses-abandonan-los-pasaportes-de-vacunas\/\" \/>\n<meta property=\"og:locale\" content=\"es_ES\" \/>\n<meta property=\"og:type\" content=\"article\" \/>\n<meta property=\"og:title\" content=\"Trudeau cada d\u00eda m\u00e1s solo: cinco provincias canadienses abandonan los pasaportes de vacunas - Informatepy\" \/>\n<meta property=\"og:description\" content=\"El primer ministro Justin Trudeau, en medio\u00a0del colapso de los\u00a0\u00edndices de aprobaci\u00f3n internos (16% de imagen positiva), est\u00e1 presenciando un abandono de sus pol\u00edticas a gran escala en las provincias. El abandono de estas pol\u00edticas y el derrumbe de su imagen, se produce a medida que el primer ministro avanza en la implementaci\u00f3n de la [&hellip;]\" \/>\n<meta property=\"og:url\" content=\"https:\/\/informatepy.com\/2021\/2022\/02\/16\/trudeau-cada-dia-mas-solo-cinco-provincias-canadienses-abandonan-los-pasaportes-de-vacunas\/\" \/>\n<meta property=\"og:site_name\" content=\"Informatepy\" \/>\n<meta property=\"article:author\" content=\"https:\/\/www.facebook.com\/InformatePyCom\" \/>\n<meta property=\"article:published_time\" content=\"2022-02-16T17:09:38+00:00\" \/>\n<meta property=\"article:modified_time\" content=\"2022-02-16T17:09:41+00:00\" \/>\n<meta property=\"og:image\" content=\"https:\/\/informatepy.com\/2021\/wp-content\/uploads\/2022\/02\/trudeau-gritando.jpg\" \/>\n\t<meta property=\"og:image:width\" content=\"1280\" \/>\n\t<meta property=\"og:image:height\" content=\"720\" \/>\n\t<meta property=\"og:image:type\" content=\"image\/jpeg\" \/>\n<meta name=\"author\" content=\"Redacci\u00f3n\" \/>\n<meta name=\"twitter:card\" content=\"summary_large_image\" \/>\n<meta name=\"twitter:creator\" content=\"@https:\/\/twitter.com\/InformatePy1\" \/>\n<meta name=\"twitter:label1\" content=\"Escrito por\" \/>\n\t<meta name=\"twitter:data1\" content=\"Redacci\u00f3n\" \/>\n\t<meta name=\"twitter:label2\" content=\"Tiempo de lectura\" \/>\n\t<meta name=\"twitter:data2\" content=\"1 minuto\" \/>\n<script type=\"application\/ld+json\" class=\"yoast-schema-graph\">{\"@context\":\"https:\\\/\\\/schema.org\",\"@graph\":[{\"@type\":\"Article\",\"@id\":\"https:\\\/\\\/informatepy.com\\\/2021\\\/2022\\\/02\\\/16\\\/trudeau-cada-dia-mas-solo-cinco-provincias-canadienses-abandonan-los-pasaportes-de-vacunas\\\/#article\",\"isPartOf\":{\"@id\":\"https:\\\/\\\/informatepy.com\\\/2021\\\/2022\\\/02\\\/16\\\/trudeau-cada-dia-mas-solo-cinco-provincias-canadienses-abandonan-los-pasaportes-de-vacunas\\\/\"},\"author\":{\"name\":\"Redacci\u00f3n\",\"@id\":\"https:\\\/\\\/informatepy.com\\\/2021\\\/#\\\/schema\\\/person\\\/0c842f525f84ea74ef3b44370d11757b\"},\"headline\":\"Trudeau cada d\u00eda m\u00e1s solo: cinco provincias canadienses abandonan los pasaportes de vacunas\",\"datePublished\":\"2022-02-16T17:09:38+00:00\",\"dateModified\":\"2022-02-16T17:09:41+00:00\",\"mainEntityOfPage\":{\"@id\":\"https:\\\/\\\/informatepy.com\\\/2021\\\/2022\\\/02\\\/16\\\/trudeau-cada-dia-mas-solo-cinco-provincias-canadienses-abandonan-los-pasaportes-de-vacunas\\\/\"},\"wordCount\":164,\"commentCount\":0,\"publisher\":{\"@id\":\"https:\\\/\\\/informatepy.com\\\/2021\\\/#\\\/schema\\\/person\\\/edd302c981d6ba4596191719d1025a8a\"},\"image\":{\"@id\":\"https:\\\/\\\/informatepy.com\\\/2021\\\/2022\\\/02\\\/16\\\/trudeau-cada-dia-mas-solo-cinco-provincias-canadienses-abandonan-los-pasaportes-de-vacunas\\\/#primaryimage\"},\"thumbnailUrl\":\"https:\\\/\\\/i0.wp.com\\\/informatepy.com\\\/2021\\\/wp-content\\\/uploads\\\/2022\\\/02\\\/trudeau-gritando.jpg?fit=1280%2C720&ssl=1\",\"keywords\":[\"canada\",\"destacada\",\"justin trudeau\"],\"articleSection\":[\"Mundo\"],\"inLanguage\":\"es\",\"potentialAction\":[{\"@type\":\"CommentAction\",\"name\":\"Comment\",\"target\":[\"https:\\\/\\\/informatepy.com\\\/2021\\\/2022\\\/02\\\/16\\\/trudeau-cada-dia-mas-solo-cinco-provincias-canadienses-abandonan-los-pasaportes-de-vacunas\\\/#respond\"]}]},{\"@type\":\"WebPage\",\"@id\":\"https:\\\/\\\/informatepy.com\\\/2021\\\/2022\\\/02\\\/16\\\/trudeau-cada-dia-mas-solo-cinco-provincias-canadienses-abandonan-los-pasaportes-de-vacunas\\\/\",\"url\":\"https:\\\/\\\/informatepy.com\\\/2021\\\/2022\\\/02\\\/16\\\/trudeau-cada-dia-mas-solo-cinco-provincias-canadienses-abandonan-los-pasaportes-de-vacunas\\\/\",\"name\":\"Trudeau cada d\u00eda m\u00e1s solo: cinco provincias canadienses abandonan los pasaportes de vacunas - Informatepy\",\"isPartOf\":{\"@id\":\"https:\\\/\\\/informatepy.com\\\/2021\\\/#website\"},\"primaryImageOfPage\":{\"@id\":\"https:\\\/\\\/informatepy.com\\\/2021\\\/2022\\\/02\\\/16\\\/trudeau-cada-dia-mas-solo-cinco-provincias-canadienses-abandonan-los-pasaportes-de-vacunas\\\/#primaryimage\"},\"image\":{\"@id\":\"https:\\\/\\\/informatepy.com\\\/2021\\\/2022\\\/02\\\/16\\\/trudeau-cada-dia-mas-solo-cinco-provincias-canadienses-abandonan-los-pasaportes-de-vacunas\\\/#primaryimage\"},\"thumbnailUrl\":\"https:\\\/\\\/i0.wp.com\\\/informatepy.com\\\/2021\\\/wp-content\\\/uploads\\\/2022\\\/02\\\/trudeau-gritando.jpg?fit=1280%2C720&ssl=1\",\"datePublished\":\"2022-02-16T17:09:38+00:00\",\"dateModified\":\"2022-02-16T17:09:41+00:00\",\"breadcrumb\":{\"@id\":\"https:\\\/\\\/informatepy.com\\\/2021\\\/2022\\\/02\\\/16\\\/trudeau-cada-dia-mas-solo-cinco-provincias-canadienses-abandonan-los-pasaportes-de-vacunas\\\/#breadcrumb\"},\"inLanguage\":\"es\",\"potentialAction\":[{\"@type\":\"ReadAction\",\"target\":[\"https:\\\/\\\/informatepy.com\\\/2021\\\/2022\\\/02\\\/16\\\/trudeau-cada-dia-mas-solo-cinco-provincias-canadienses-abandonan-los-pasaportes-de-vacunas\\\/\"]}]},{\"@type\":\"ImageObject\",\"inLanguage\":\"es\",\"@id\":\"https:\\\/\\\/informatepy.com\\\/2021\\\/2022\\\/02\\\/16\\\/trudeau-cada-dia-mas-solo-cinco-provincias-canadienses-abandonan-los-pasaportes-de-vacunas\\\/#primaryimage\",\"url\":\"https:\\\/\\\/i0.wp.com\\\/informatepy.com\\\/2021\\\/wp-content\\\/uploads\\\/2022\\\/02\\\/trudeau-gritando.jpg?fit=1280%2C720&ssl=1\",\"contentUrl\":\"https:\\\/\\\/i0.wp.com\\\/informatepy.com\\\/2021\\\/wp-content\\\/uploads\\\/2022\\\/02\\\/trudeau-gritando.jpg?fit=1280%2C720&ssl=1\",\"width\":1280,\"height\":720},{\"@type\":\"BreadcrumbList\",\"@id\":\"https:\\\/\\\/informatepy.com\\\/2021\\\/2022\\\/02\\\/16\\\/trudeau-cada-dia-mas-solo-cinco-provincias-canadienses-abandonan-los-pasaportes-de-vacunas\\\/#breadcrumb\",\"itemListElement\":[{\"@type\":\"ListItem\",\"position\":1,\"name\":\"Portada\",\"item\":\"https:\\\/\\\/informatepy.com\\\/2021\\\/\"},{\"@type\":\"ListItem\",\"position\":2,\"name\":\"Trudeau cada d\u00eda m\u00e1s solo: cinco provincias canadienses abandonan los pasaportes de vacunas\"}]},{\"@type\":\"WebSite\",\"@id\":\"https:\\\/\\\/informatepy.com\\\/2021\\\/#website\",\"url\":\"https:\\\/\\\/informatepy.com\\\/2021\\\/\",\"name\":\"Informatepy\",\"description\":\"La verdad, siempre!\",\"publisher\":{\"@id\":\"https:\\\/\\\/informatepy.com\\\/2021\\\/#\\\/schema\\\/person\\\/edd302c981d6ba4596191719d1025a8a\"},\"potentialAction\":[{\"@type\":\"SearchAction\",\"target\":{\"@type\":\"EntryPoint\",\"urlTemplate\":\"https:\\\/\\\/informatepy.com\\\/2021\\\/?s={search_term_string}\"},\"query-input\":{\"@type\":\"PropertyValueSpecification\",\"valueRequired\":true,\"valueName\":\"search_term_string\"}}],\"inLanguage\":\"es\"},{\"@type\":[\"Person\",\"Organization\"],\"@id\":\"https:\\\/\\\/informatepy.com\\\/2021\\\/#\\\/schema\\\/person\\\/edd302c981d6ba4596191719d1025a8a\",\"name\":\"admin\",\"image\":{\"@type\":\"ImageObject\",\"inLanguage\":\"es\",\"@id\":\"https:\\\/\\\/secure.gravatar.com\\\/avatar\\\/5310f602b6cbcfb86e030c4ccdbb78f6565a3b9bab6a74ab80fd3cb5428b65af?s=96&d=mm&r=g\",\"url\":\"https:\\\/\\\/secure.gravatar.com\\\/avatar\\\/5310f602b6cbcfb86e030c4ccdbb78f6565a3b9bab6a74ab80fd3cb5428b65af?s=96&d=mm&r=g\",\"contentUrl\":\"https:\\\/\\\/secure.gravatar.com\\\/avatar\\\/5310f602b6cbcfb86e030c4ccdbb78f6565a3b9bab6a74ab80fd3cb5428b65af?s=96&d=mm&r=g\",\"caption\":\"admin\"},\"logo\":{\"@id\":\"https:\\\/\\\/secure.gravatar.com\\\/avatar\\\/5310f602b6cbcfb86e030c4ccdbb78f6565a3b9bab6a74ab80fd3cb5428b65af?s=96&d=mm&r=g\"},\"sameAs\":[\"http:\\\/\\\/informatepy.com\\\/2021\"]},{\"@type\":\"Person\",\"@id\":\"https:\\\/\\\/informatepy.com\\\/2021\\\/#\\\/schema\\\/person\\\/0c842f525f84ea74ef3b44370d11757b\",\"name\":\"Redacci\u00f3n\",\"image\":{\"@type\":\"ImageObject\",\"inLanguage\":\"es\",\"@id\":\"https:\\\/\\\/i0.wp.com\\\/informatepy.com\\\/2021\\\/wp-content\\\/uploads\\\/2021\\\/02\\\/informate-circulo.png?fit=96%2C96&ssl=1\",\"url\":\"https:\\\/\\\/i0.wp.com\\\/informatepy.com\\\/2021\\\/wp-content\\\/uploads\\\/2021\\\/02\\\/informate-circulo.png?fit=96%2C96&ssl=1\",\"contentUrl\":\"https:\\\/\\\/i0.wp.com\\\/informatepy.com\\\/2021\\\/wp-content\\\/uploads\\\/2021\\\/02\\\/informate-circulo.png?fit=96%2C96&ssl=1\",\"caption\":\"Redacci\u00f3n\"},\"sameAs\":[\"https:\\\/\\\/www.facebook.com\\\/InformatePyCom\",\"https:\\\/\\\/x.com\\\/https:\\\/\\\/twitter.com\\\/InformatePy1\"],\"url\":\"https:\\\/\\\/informatepy.com\\\/2021\\\/author\\\/redaccion\\\/\"}]}<\/script>\n<!-- \/ Yoast SEO plugin. -->","yoast_head_json":{"title":"Trudeau cada d\u00eda m\u00e1s solo: cinco provincias canadienses abandonan los pasaportes de vacunas - Informatepy","robots":{"index":"index","follow":"follow","max-snippet":"max-snippet:-1","max-image-preview":"max-image-preview:large","max-video-preview":"max-video-preview:-1"},"canonical":"https:\/\/informatepy.com\/2021\/2022\/02\/16\/trudeau-cada-dia-mas-solo-cinco-provincias-canadienses-abandonan-los-pasaportes-de-vacunas\/","og_locale":"es_ES","og_type":"article","og_title":"Trudeau cada d\u00eda m\u00e1s solo: cinco provincias canadienses abandonan los pasaportes de vacunas - Informatepy","og_description":"El primer ministro Justin Trudeau, en medio\u00a0del colapso de los\u00a0\u00edndices de aprobaci\u00f3n internos (16% de imagen positiva), est\u00e1 presenciando un abandono de sus pol\u00edticas a gran escala en las provincias. El abandono de estas pol\u00edticas y el derrumbe de su imagen, se produce a medida que el primer ministro avanza en la implementaci\u00f3n de la [&hellip;]","og_url":"https:\/\/informatepy.com\/2021\/2022\/02\/16\/trudeau-cada-dia-mas-solo-cinco-provincias-canadienses-abandonan-los-pasaportes-de-vacunas\/","og_site_name":"Informatepy","article_author":"https:\/\/www.facebook.com\/InformatePyCom","article_published_time":"2022-02-16T17:09:38+00:00","article_modified_time":"2022-02-16T17:09:41+00:00","og_image":[{"width":1280,"height":720,"url":"https:\/\/informatepy.com\/2021\/wp-content\/uploads\/2022\/02\/trudeau-gritando.jpg","type":"image\/jpeg"}],"author":"Redacci\u00f3n","twitter_card":"summary_large_image","twitter_creator":"@https:\/\/twitter.com\/InformatePy1","twitter_misc":{"Escrito por":"Redacci\u00f3n","Tiempo de lectura":"1 minuto"},"schema":{"@context":"https:\/\/schema.org","@graph":[{"@type":"Article","@id":"https:\/\/informatepy.com\/2021\/2022\/02\/16\/trudeau-cada-dia-mas-solo-cinco-provincias-canadienses-abandonan-los-pasaportes-de-vacunas\/#article","isPartOf":{"@id":"https:\/\/informatepy.com\/2021\/2022\/02\/16\/trudeau-cada-dia-mas-solo-cinco-provincias-canadienses-abandonan-los-pasaportes-de-vacunas\/"},"author":{"name":"Redacci\u00f3n","@id":"https:\/\/informatepy.com\/2021\/#\/schema\/person\/0c842f525f84ea74ef3b44370d11757b"},"headline":"Trudeau cada d\u00eda m\u00e1s solo: cinco provincias canadienses abandonan los pasaportes de vacunas","datePublished":"2022-02-16T17:09:38+00:00","dateModified":"2022-02-16T17:09:41+00:00","mainEntityOfPage":{"@id":"https:\/\/informatepy.com\/2021\/2022\/02\/16\/trudeau-cada-dia-mas-solo-cinco-provincias-canadienses-abandonan-los-pasaportes-de-vacunas\/"},"wordCount":164,"commentCount":0,"publisher":{"@id":"https:\/\/informatepy.com\/2021\/#\/schema\/person\/edd302c981d6ba4596191719d1025a8a"},"image":{"@id":"https:\/\/informatepy.com\/2021\/2022\/02\/16\/trudeau-cada-dia-mas-solo-cinco-provincias-canadienses-abandonan-los-pasaportes-de-vacunas\/#primaryimage"},"thumbnailUrl":"https:\/\/i0.wp.com\/informatepy.com\/2021\/wp-content\/uploads\/2022\/02\/trudeau-gritando.jpg?fit=1280%2C720&ssl=1","keywords":["canada","destacada","justin trudeau"],"articleSection":["Mundo"],"inLanguage":"es","potentialAction":[{"@type":"CommentAction","name":"Comment","target":["https:\/\/informatepy.com\/2021\/2022\/02\/16\/trudeau-cada-dia-mas-solo-cinco-provincias-canadienses-abandonan-los-pasaportes-de-vacunas\/#respond"]}]},{"@type":"WebPage","@id":"https:\/\/informatepy.com\/2021\/2022\/02\/16\/trudeau-cada-dia-mas-solo-cinco-provincias-canadienses-abandonan-los-pasaportes-de-vacunas\/","url":"https:\/\/informatepy.com\/2021\/2022\/02\/16\/trudeau-cada-dia-mas-solo-cinco-provincias-canadienses-abandonan-los-pasaportes-de-vacunas\/","name":"Trudeau cada d\u00eda m\u00e1s solo: cinco provincias canadienses abandonan los pasaportes de vacunas - Informatepy","isPartOf":{"@id":"https:\/\/informatepy.com\/2021\/#website"},"primaryImageOfPage":{"@id":"https:\/\/informatepy.com\/2021\/2022\/02\/16\/trudeau-cada-dia-mas-solo-cinco-provincias-canadienses-abandonan-los-pasaportes-de-vacunas\/#primaryimage"},"image":{"@id":"https:\/\/informatepy.com\/2021\/2022\/02\/16\/trudeau-cada-dia-mas-solo-cinco-provincias-canadienses-abandonan-los-pasaportes-de-vacunas\/#primaryimage"},"thumbnailUrl":"https:\/\/i0.wp.com\/informatepy.com\/2021\/wp-content\/uploads\/2022\/02\/trudeau-gritando.jpg?fit=1280%2C720&ssl=1","datePublished":"2022-02-16T17:09:38+00:00","dateModified":"2022-02-16T17:09:41+00:00","breadcrumb":{"@id":"https:\/\/informatepy.com\/2021\/2022\/02\/16\/trudeau-cada-dia-mas-solo-cinco-provincias-canadienses-abandonan-los-pasaportes-de-vacunas\/#breadcrumb"},"inLanguage":"es","potentialAction":[{"@type":"ReadAction","target":["https:\/\/informatepy.com\/2021\/2022\/02\/16\/trudeau-cada-dia-mas-solo-cinco-provincias-canadienses-abandonan-los-pasaportes-de-vacunas\/"]}]},{"@type":"ImageObject","inLanguage":"es","@id":"https:\/\/informatepy.com\/2021\/2022\/02\/16\/trudeau-cada-dia-mas-solo-cinco-provincias-canadienses-abandonan-los-pasaportes-de-vacunas\/#primaryimage","url":"https:\/\/i0.wp.com\/informatepy.com\/2021\/wp-content\/uploads\/2022\/02\/trudeau-gritando.jpg?fit=1280%2C720&ssl=1","contentUrl":"https:\/\/i0.wp.com\/informatepy.com\/2021\/wp-content\/uploads\/2022\/02\/trudeau-gritando.jpg?fit=1280%2C720&ssl=1","width":1280,"height":720},{"@type":"BreadcrumbList","@id":"https:\/\/informatepy.com\/2021\/2022\/02\/16\/trudeau-cada-dia-mas-solo-cinco-provincias-canadienses-abandonan-los-pasaportes-de-vacunas\/#breadcrumb","itemListElement":[{"@type":"ListItem","position":1,"name":"Portada","item":"https:\/\/informatepy.com\/2021\/"},{"@type":"ListItem","position":2,"name":"Trudeau cada d\u00eda m\u00e1s solo: cinco provincias canadienses abandonan los pasaportes de vacunas"}]},{"@type":"WebSite","@id":"https:\/\/informatepy.com\/2021\/#website","url":"https:\/\/informatepy.com\/2021\/","name":"Informatepy","description":"La verdad, siempre!","publisher":{"@id":"https:\/\/informatepy.com\/2021\/#\/schema\/person\/edd302c981d6ba4596191719d1025a8a"},"potentialAction":[{"@type":"SearchAction","target":{"@type":"EntryPoint","urlTemplate":"https:\/\/informatepy.com\/2021\/?s={search_term_string}"},"query-input":{"@type":"PropertyValueSpecification","valueRequired":true,"valueName":"search_term_string"}}],"inLanguage":"es"},{"@type":["Person","Organization"],"@id":"https:\/\/informatepy.com\/2021\/#\/schema\/person\/edd302c981d6ba4596191719d1025a8a","name":"admin","image":{"@type":"ImageObject","inLanguage":"es","@id":"https:\/\/secure.gravatar.com\/avatar\/5310f602b6cbcfb86e030c4ccdbb78f6565a3b9bab6a74ab80fd3cb5428b65af?s=96&d=mm&r=g","url":"https:\/\/secure.gravatar.com\/avatar\/5310f602b6cbcfb86e030c4ccdbb78f6565a3b9bab6a74ab80fd3cb5428b65af?s=96&d=mm&r=g","contentUrl":"https:\/\/secure.gravatar.com\/avatar\/5310f602b6cbcfb86e030c4ccdbb78f6565a3b9bab6a74ab80fd3cb5428b65af?s=96&d=mm&r=g","caption":"admin"},"logo":{"@id":"https:\/\/secure.gravatar.com\/avatar\/5310f602b6cbcfb86e030c4ccdbb78f6565a3b9bab6a74ab80fd3cb5428b65af?s=96&d=mm&r=g"},"sameAs":["http:\/\/informatepy.com\/2021"]},{"@type":"Person","@id":"https:\/\/informatepy.com\/2021\/#\/schema\/person\/0c842f525f84ea74ef3b44370d11757b","name":"Redacci\u00f3n","image":{"@type":"ImageObject","inLanguage":"es","@id":"https:\/\/i0.wp.com\/informatepy.com\/2021\/wp-content\/uploads\/2021\/02\/informate-circulo.png?fit=96%2C96&ssl=1","url":"https:\/\/i0.wp.com\/informatepy.com\/2021\/wp-content\/uploads\/2021\/02\/informate-circulo.png?fit=96%2C96&ssl=1","contentUrl":"https:\/\/i0.wp.com\/informatepy.com\/2021\/wp-content\/uploads\/2021\/02\/informate-circulo.png?fit=96%2C96&ssl=1","caption":"Redacci\u00f3n"},"sameAs":["https:\/\/www.facebook.com\/InformatePyCom","https:\/\/x.com\/https:\/\/twitter.com\/InformatePy1"],"url":"https:\/\/informatepy.com\/2021\/author\/redaccion\/"}]}},"jetpack_featured_media_url":"https:\/\/i0.wp.com\/informatepy.com\/2021\/wp-content\/uploads\/2022\/02\/trudeau-gritando.jpg?fit=1280%2C720&ssl=1","jetpack_sharing_enabled":true,"jetpack_likes_enabled":true,"jetpack-related-posts":[{"id":9846,"url":"https:\/\/informatepy.com\/2021\/2022\/01\/29\/canada-justin-trudeau-y-su-familia-se-mudan-a-un-lugar-secreto-por-temor-a-las-protestas-de-los-camioneros\/","url_meta":{"origin":10133,"position":0},"title":"Canad\u00e1: Justin Trudeau y su familia se mudan a un lugar secreto por temor a las protestas de los camioneros","date":"29 de enero de 2022","format":false,"excerpt":"CBC inform\u00f3 que el primer ministro canadiense,\u00a0Justin Trudeau, y su familia abandonaron su casa en Ottawa para ir a un lugar secreto, en medio de preocupaciones de seguridad debido a que miles de personas llegaron a la capital canadiense el s\u00e1bado en convoyes de camiones para protestar por los mandatos\u2026","rel":"","context":"En \u00abMundo\u00bb","img":{"alt_text":"","src":"https:\/\/i0.wp.com\/informatepy.com\/2021\/wp-content\/uploads\/2022\/01\/justin-trudeau.jpg?fit=710%2C399&ssl=1&resize=350%2C200","width":350,"height":200},"classes":[]},{"id":9786,"url":"https:\/\/informatepy.com\/2021\/2022\/01\/28\/mas-de-50-000-camiones-se-acercan-a-ottawa-para-exigir-el-fin-de-los-mandatos-de-vacunas-covid-en-canada\/","url_meta":{"origin":10133,"position":1},"title":"M\u00e1s de 50.000 camiones se acercan a Ottawa para exigir el fin de los mandatos de vacunas COVID en Canad\u00e1","date":"28 de enero de 2022","format":false,"excerpt":"Miles de camioneros canadienses avanzan con un \u201crecorrido lento\u201d hacia Ottawa este fin de semana para protestar contra los draconianos mandatos de vacunaci\u00f3n contra el COVID y otras reglas del virus impuestas por el primer ministro canadiense Justin Trudeau y los primeros ministros provinciales. \u201cLlevamos nuestra lucha hasta las puertas\u2026","rel":"","context":"En \u00abMundo\u00bb","img":{"alt_text":"","src":"https:\/\/i0.wp.com\/informatepy.com\/2021\/wp-content\/uploads\/2022\/01\/canada-trucks.jpg?fit=780%2C470&ssl=1&resize=350%2C200","width":350,"height":200},"classes":[]},{"id":10323,"url":"https:\/\/informatepy.com\/2021\/2022\/02\/26\/justin-trudeau-el-tirano-rosa\/","url_meta":{"origin":10133,"position":2},"title":"Justin Trudeau, el tirano rosa","date":"26 de febrero de 2022","format":false,"excerpt":"Tras varios d\u00edas escondido, Trudeau no aguant\u00f3 m\u00e1s y, siguiendo la receta que el manual dictatorial recomienda, decret\u00f3 una ley marcial que suspende cualquier garant\u00eda constitucional, incluso autoriza el congelamiento de cuentas bancarias","rel":"","context":"En \u00abAnalisis\u00bb","img":{"alt_text":"","src":"https:\/\/i0.wp.com\/informatepy.com\/2021\/wp-content\/uploads\/2021\/11\/HUGO-BALDERRAMA-COLUMNISTA.jpg?fit=1200%2C656&ssl=1&resize=350%2C200","width":350,"height":200},"classes":[]},{"id":9872,"url":"https:\/\/informatepy.com\/2021\/2022\/02\/01\/el-principal-rival-de-trudeau-en-canada-resistira-los-esfuerzos-para-derrocarlo\/","url_meta":{"origin":10133,"position":3},"title":"El principal rival de Trudeau en Canad\u00e1 \u00abresistir\u00e1\u00bb los esfuerzos para derrocarlo","date":"1 de febrero de 2022","format":false,"excerpt":"El jefe de los conservadores de la oposici\u00f3n oficial de Canad\u00e1, bajo fuego tras perder una elecci\u00f3n ante el primer ministro Justin Trudeau el a\u00f1o pasado, dice que resistir\u00e1 los esfuerzos de algunos de los legisladores de su partido para derrocarlo. Algunos conservadores descontentos dicen que la l\u00edder Erin O'Toole\u2026","rel":"","context":"En \u00abMundo\u00bb","img":{"alt_text":"","src":"https:\/\/i0.wp.com\/informatepy.com\/2021\/wp-content\/uploads\/2022\/02\/erin-otoole.jpg?fit=960%2C640&ssl=1&resize=350%2C200","width":350,"height":200},"classes":[]},{"id":10001,"url":"https:\/\/informatepy.com\/2021\/2022\/02\/06\/ffaa-canadienses-se-niegan-a-reprimir-a-los-camioneros-mientras-trudeau-sigue-refugiado\/","url_meta":{"origin":10133,"position":4},"title":"FFAA canadienses se niegan a reprimir a los camioneros mientras Trudeau sigue refugiado","date":"6 de febrero de 2022","format":false,"excerpt":"A pesar de que la polic\u00eda de Ottawa, Canad\u00e1, plante\u00f3 la posibilidad de una \u201cintervenci\u00f3n militar\u201d para despejar la dura resistencia de los camioneros que bloquean su centro, las Fuerzas Armadas canadienses comunicaron que no participar\u00e1n de la represi\u00f3n. Un portavoz del Ministro de Defensa le dijo al Wall Street\u2026","rel":"","context":"En \u00abMundo\u00bb","img":{"alt_text":"","src":"https:\/\/i0.wp.com\/informatepy.com\/2021\/wp-content\/uploads\/2022\/02\/parlamento-canadiense.jpg?fit=700%2C394&ssl=1&resize=350%2C200","width":350,"height":200},"classes":[]},{"id":9960,"url":"https:\/\/informatepy.com\/2021\/2022\/02\/06\/tablero-mundial-rebelion-contra-la-tirania-sanitario-progresista-de-trudeau\/","url_meta":{"origin":10133,"position":5},"title":"TABLERO MUNDIAL:  Rebeli\u00f3n contra la tiran\u00eda sanitario-progresista de Trudeau","date":"6 de febrero de 2022","format":false,"excerpt":"Con el surgimiento del brote viral del corona virus en la ciudad china de Wuhan y m\u00e1s tarde, como consecuencia de la negligencia o encubrimiento intencional a la tiran\u00eda comunista de Xi Jinping por parte de la Organizaci\u00f3n Mundial de la Salud, este brote se convirti\u00f3 en pandemia. Pandemia, que\u2026","rel":"","context":"En \u00abAnalisis\u00bb","img":{"alt_text":"","src":"https:\/\/i0.wp.com\/informatepy.com\/2021\/wp-content\/uploads\/2021\/11\/nahem.png?fit=1200%2C657&ssl=1&resize=350%2C200","width":350,"height":200},"classes":[]}],"authors":[{"term_id":1051,"user_id":4,"is_guest":0,"slug":"redaccion","display_name":"Redacci\u00f3n","avatar_url":"https:\/\/i0.wp.com\/informatepy.com\/2021\/wp-content\/uploads\/2021\/02\/informate-circulo.png?fit=96%2C96&ssl=1","first_name":"Redacci\u00f3n","last_name":"","user_url":"","description":""}],"amp_enabled":true,"_links":{"self":[{"href":"https:\/\/informatepy.com\/2021\/wp-json\/wp\/v2\/posts\/10133","targetHints":{"allow":["GET"]}}],"collection":[{"href":"https:\/\/informatepy.com\/2021\/wp-json\/wp\/v2\/posts"}],"about":[{"href":"https:\/\/informatepy.com\/2021\/wp-json\/wp\/v2\/types\/post"}],"author":[{"embeddable":true,"href":"https:\/\/informatepy.com\/2021\/wp-json\/wp\/v2\/users\/4"}],"replies":[{"embeddable":true,"href":"https:\/\/informatepy.com\/2021\/wp-json\/wp\/v2\/comments?post=10133"}],"version-history":[{"count":1,"href":"https:\/\/informatepy.com\/2021\/wp-json\/wp\/v2\/posts\/10133\/revisions"}],"predecessor-version":[{"id":10135,"href":"https:\/\/informatepy.com\/2021\/wp-json\/wp\/v2\/posts\/10133\/revisions\/10135"}],"wp:featuredmedia":[{"embeddable":true,"href":"https:\/\/informatepy.com\/2021\/wp-json\/wp\/v2\/media\/10134"}],"wp:attachment":[{"href":"https:\/\/informatepy.com\/2021\/wp-json\/wp\/v2\/media?parent=10133"}],"wp:term":[{"taxonomy":"category","embeddable":true,"href":"https:\/\/informatepy.com\/2021\/wp-json\/wp\/v2\/categories?post=10133"},{"taxonomy":"post_tag","embeddable":true,"href":"https:\/\/informatepy.com\/2021\/wp-json\/wp\/v2\/tags?post=10133"},{"taxonomy":"author","embeddable":true,"href":"https:\/\/informatepy.com\/2021\/wp-json\/wp\/v2\/ppma_author?post=10133"}],"curies":[{"name":"wp","href":"https:\/\/api.w.org\/{rel}","templated":true}]}}