{"id":10127,"date":"2022-02-16T07:15:00","date_gmt":"2022-02-16T10:15:00","guid":{"rendered":"https:\/\/informatepy.com\/2021\/?p=10127"},"modified":"2022-02-15T22:02:36","modified_gmt":"2022-02-16T01:02:36","slug":"en-el-dia-19-del-convoy-por-la-libertad-el-jefe-de-policia-de-ottawa-renuncio-a-su-puesto","status":"publish","type":"post","link":"https:\/\/informatepy.com\/2021\/2022\/02\/16\/en-el-dia-19-del-convoy-por-la-libertad-el-jefe-de-policia-de-ottawa-renuncio-a-su-puesto\/","title":{"rendered":"En el d\u00eda 19 del Convoy por la Libertad, el Jefe de Polic\u00eda de Ottawa renunci\u00f3 a su puesto"},"content":{"rendered":"\n<p class=\"has-text-align-justify\"><strong><em>\u00abHa sido un viaje dif\u00edcil, pero estoy incre\u00edblemente orgulloso de lo que hemos logrado\u00bb<\/em><\/strong>, dijo <strong>Peter Sloly<\/strong> en un comunicado.<\/p>\n\n\n\n<p class=\"has-text-align-justify\"><strong><em>\u201cDesde el inicio de esta manifestaci\u00f3n, he hecho todo lo posible para mantener segura esta ciudad y poner fin a esta crisis sin precedentes e imprevisible\u201d<\/em><\/strong>, afirm\u00f3.<\/p>\n\n\n\n<p class=\"has-text-align-justify\">Sloly fue jefe del Servicio de Polic\u00eda de Ottawa desde el 28 de octubre de 2019 pero, el d\u00eda de ayer renunci\u00f3 debido a acusaciones de acoso, aunque hasta el momento no se conocen mayores detalles, inform\u00f3 la cadena CBC.<\/p>\n","protected":false},"excerpt":{"rendered":"<p>\u00abHa sido un viaje dif\u00edcil, pero estoy incre\u00edblemente orgulloso de lo que hemos logrado\u00bb, dijo Peter Sloly en un comunicado. \u201cDesde el inicio de esta manifestaci\u00f3n, he hecho todo lo posible para mantener segura esta ciudad y poner fin a esta crisis sin precedentes e imprevisible\u201d, afirm\u00f3. Sloly fue jefe del Servicio de Polic\u00eda de [&hellip;]<\/p>\n","protected":false},"author":4,"featured_media":9952,"comment_status":"open","ping_status":"open","sticky":false,"template":"","format":"standard","meta":{"_monsterinsights_skip_tracking":false,"_monsterinsights_sitenote_active":false,"_monsterinsights_sitenote_note":"","_monsterinsights_sitenote_category":0,"footnotes":"","jetpack_publicize_message":"","jetpack_is_tweetstorm":false,"jetpack_publicize_feature_enabled":true},"categories":[173],"tags":[1391,1036],"ppma_author":[1051],"class_list":["post-10127","post","type-post","status-publish","format-standard","has-post-thumbnail","hentry","category-mundo","tag-canada","tag-destacada"],"jetpack_publicize_connections":[],"yoast_head":"<!-- This site is optimized with the Yoast SEO plugin v27.4 - https:\/\/yoast.com\/product\/yoast-seo-wordpress\/ -->\n<title>En el d\u00eda 19 del Convoy por la Libertad, el Jefe de Polic\u00eda de Ottawa renunci\u00f3 a su puesto - Informatepy<\/title>\n<meta name=\"robots\" content=\"index, follow, max-snippet:-1, max-image-preview:large, max-video-preview:-1\" \/>\n<link rel=\"canonical\" href=\"https:\/\/informatepy.com\/2021\/2022\/02\/16\/en-el-dia-19-del-convoy-por-la-libertad-el-jefe-de-policia-de-ottawa-renuncio-a-su-puesto\/\" \/>\n<meta property=\"og:locale\" content=\"es_ES\" \/>\n<meta property=\"og:type\" content=\"article\" \/>\n<meta property=\"og:title\" content=\"En el d\u00eda 19 del Convoy por la Libertad, el Jefe de Polic\u00eda de Ottawa renunci\u00f3 a su puesto - Informatepy\" \/>\n<meta property=\"og:description\" content=\"\u00abHa sido un viaje dif\u00edcil, pero estoy incre\u00edblemente orgulloso de lo que hemos logrado\u00bb, dijo Peter Sloly en un comunicado. \u201cDesde el inicio de esta manifestaci\u00f3n, he hecho todo lo posible para mantener segura esta ciudad y poner fin a esta crisis sin precedentes e imprevisible\u201d, afirm\u00f3. Sloly fue jefe del Servicio de Polic\u00eda de [&hellip;]\" \/>\n<meta property=\"og:url\" content=\"https:\/\/informatepy.com\/2021\/2022\/02\/16\/en-el-dia-19-del-convoy-por-la-libertad-el-jefe-de-policia-de-ottawa-renuncio-a-su-puesto\/\" \/>\n<meta property=\"og:site_name\" content=\"Informatepy\" \/>\n<meta property=\"article:author\" content=\"https:\/\/www.facebook.com\/InformatePyCom\" \/>\n<meta property=\"article:published_time\" content=\"2022-02-16T10:15:00+00:00\" \/>\n<meta property=\"og:image\" content=\"https:\/\/i0.wp.com\/informatepy.com\/2021\/wp-content\/uploads\/2022\/02\/peter-sloly.jpg?fit=1024%2C761&ssl=1\" \/>\n\t<meta property=\"og:image:width\" content=\"1024\" \/>\n\t<meta property=\"og:image:height\" content=\"761\" \/>\n\t<meta property=\"og:image:type\" content=\"image\/jpeg\" \/>\n<meta name=\"author\" content=\"Redacci\u00f3n\" \/>\n<meta name=\"twitter:card\" content=\"summary_large_image\" \/>\n<meta name=\"twitter:creator\" content=\"@https:\/\/twitter.com\/InformatePy1\" \/>\n<meta name=\"twitter:label1\" content=\"Escrito por\" \/>\n\t<meta name=\"twitter:data1\" content=\"Redacci\u00f3n\" \/>\n\t<meta name=\"twitter:label2\" content=\"Tiempo de lectura\" \/>\n\t<meta name=\"twitter:data2\" content=\"1 minuto\" \/>\n<script type=\"application\/ld+json\" class=\"yoast-schema-graph\">{\"@context\":\"https:\\\/\\\/schema.org\",\"@graph\":[{\"@type\":\"Article\",\"@id\":\"https:\\\/\\\/informatepy.com\\\/2021\\\/2022\\\/02\\\/16\\\/en-el-dia-19-del-convoy-por-la-libertad-el-jefe-de-policia-de-ottawa-renuncio-a-su-puesto\\\/#article\",\"isPartOf\":{\"@id\":\"https:\\\/\\\/informatepy.com\\\/2021\\\/2022\\\/02\\\/16\\\/en-el-dia-19-del-convoy-por-la-libertad-el-jefe-de-policia-de-ottawa-renuncio-a-su-puesto\\\/\"},\"author\":{\"name\":\"Redacci\u00f3n\",\"@id\":\"https:\\\/\\\/informatepy.com\\\/2021\\\/#\\\/schema\\\/person\\\/0c842f525f84ea74ef3b44370d11757b\"},\"headline\":\"En el d\u00eda 19 del Convoy por la Libertad, el Jefe de Polic\u00eda de Ottawa renunci\u00f3 a su puesto\",\"datePublished\":\"2022-02-16T10:15:00+00:00\",\"mainEntityOfPage\":{\"@id\":\"https:\\\/\\\/informatepy.com\\\/2021\\\/2022\\\/02\\\/16\\\/en-el-dia-19-del-convoy-por-la-libertad-el-jefe-de-policia-de-ottawa-renuncio-a-su-puesto\\\/\"},\"wordCount\":110,\"commentCount\":0,\"publisher\":{\"@id\":\"https:\\\/\\\/informatepy.com\\\/2021\\\/#\\\/schema\\\/person\\\/edd302c981d6ba4596191719d1025a8a\"},\"image\":{\"@id\":\"https:\\\/\\\/informatepy.com\\\/2021\\\/2022\\\/02\\\/16\\\/en-el-dia-19-del-convoy-por-la-libertad-el-jefe-de-policia-de-ottawa-renuncio-a-su-puesto\\\/#primaryimage\"},\"thumbnailUrl\":\"https:\\\/\\\/i0.wp.com\\\/informatepy.com\\\/2021\\\/wp-content\\\/uploads\\\/2022\\\/02\\\/peter-sloly.jpg?fit=1024%2C761&ssl=1\",\"keywords\":[\"canada\",\"destacada\"],\"articleSection\":[\"Mundo\"],\"inLanguage\":\"es\",\"potentialAction\":[{\"@type\":\"CommentAction\",\"name\":\"Comment\",\"target\":[\"https:\\\/\\\/informatepy.com\\\/2021\\\/2022\\\/02\\\/16\\\/en-el-dia-19-del-convoy-por-la-libertad-el-jefe-de-policia-de-ottawa-renuncio-a-su-puesto\\\/#respond\"]}]},{\"@type\":\"WebPage\",\"@id\":\"https:\\\/\\\/informatepy.com\\\/2021\\\/2022\\\/02\\\/16\\\/en-el-dia-19-del-convoy-por-la-libertad-el-jefe-de-policia-de-ottawa-renuncio-a-su-puesto\\\/\",\"url\":\"https:\\\/\\\/informatepy.com\\\/2021\\\/2022\\\/02\\\/16\\\/en-el-dia-19-del-convoy-por-la-libertad-el-jefe-de-policia-de-ottawa-renuncio-a-su-puesto\\\/\",\"name\":\"En el d\u00eda 19 del Convoy por la Libertad, el Jefe de Polic\u00eda de Ottawa renunci\u00f3 a su puesto - Informatepy\",\"isPartOf\":{\"@id\":\"https:\\\/\\\/informatepy.com\\\/2021\\\/#website\"},\"primaryImageOfPage\":{\"@id\":\"https:\\\/\\\/informatepy.com\\\/2021\\\/2022\\\/02\\\/16\\\/en-el-dia-19-del-convoy-por-la-libertad-el-jefe-de-policia-de-ottawa-renuncio-a-su-puesto\\\/#primaryimage\"},\"image\":{\"@id\":\"https:\\\/\\\/informatepy.com\\\/2021\\\/2022\\\/02\\\/16\\\/en-el-dia-19-del-convoy-por-la-libertad-el-jefe-de-policia-de-ottawa-renuncio-a-su-puesto\\\/#primaryimage\"},\"thumbnailUrl\":\"https:\\\/\\\/i0.wp.com\\\/informatepy.com\\\/2021\\\/wp-content\\\/uploads\\\/2022\\\/02\\\/peter-sloly.jpg?fit=1024%2C761&ssl=1\",\"datePublished\":\"2022-02-16T10:15:00+00:00\",\"breadcrumb\":{\"@id\":\"https:\\\/\\\/informatepy.com\\\/2021\\\/2022\\\/02\\\/16\\\/en-el-dia-19-del-convoy-por-la-libertad-el-jefe-de-policia-de-ottawa-renuncio-a-su-puesto\\\/#breadcrumb\"},\"inLanguage\":\"es\",\"potentialAction\":[{\"@type\":\"ReadAction\",\"target\":[\"https:\\\/\\\/informatepy.com\\\/2021\\\/2022\\\/02\\\/16\\\/en-el-dia-19-del-convoy-por-la-libertad-el-jefe-de-policia-de-ottawa-renuncio-a-su-puesto\\\/\"]}]},{\"@type\":\"ImageObject\",\"inLanguage\":\"es\",\"@id\":\"https:\\\/\\\/informatepy.com\\\/2021\\\/2022\\\/02\\\/16\\\/en-el-dia-19-del-convoy-por-la-libertad-el-jefe-de-policia-de-ottawa-renuncio-a-su-puesto\\\/#primaryimage\",\"url\":\"https:\\\/\\\/i0.wp.com\\\/informatepy.com\\\/2021\\\/wp-content\\\/uploads\\\/2022\\\/02\\\/peter-sloly.jpg?fit=1024%2C761&ssl=1\",\"contentUrl\":\"https:\\\/\\\/i0.wp.com\\\/informatepy.com\\\/2021\\\/wp-content\\\/uploads\\\/2022\\\/02\\\/peter-sloly.jpg?fit=1024%2C761&ssl=1\",\"width\":1024,\"height\":761},{\"@type\":\"BreadcrumbList\",\"@id\":\"https:\\\/\\\/informatepy.com\\\/2021\\\/2022\\\/02\\\/16\\\/en-el-dia-19-del-convoy-por-la-libertad-el-jefe-de-policia-de-ottawa-renuncio-a-su-puesto\\\/#breadcrumb\",\"itemListElement\":[{\"@type\":\"ListItem\",\"position\":1,\"name\":\"Portada\",\"item\":\"https:\\\/\\\/informatepy.com\\\/2021\\\/\"},{\"@type\":\"ListItem\",\"position\":2,\"name\":\"En el d\u00eda 19 del Convoy por la Libertad, el Jefe de Polic\u00eda de Ottawa renunci\u00f3 a su puesto\"}]},{\"@type\":\"WebSite\",\"@id\":\"https:\\\/\\\/informatepy.com\\\/2021\\\/#website\",\"url\":\"https:\\\/\\\/informatepy.com\\\/2021\\\/\",\"name\":\"Informatepy\",\"description\":\"La verdad, siempre!\",\"publisher\":{\"@id\":\"https:\\\/\\\/informatepy.com\\\/2021\\\/#\\\/schema\\\/person\\\/edd302c981d6ba4596191719d1025a8a\"},\"potentialAction\":[{\"@type\":\"SearchAction\",\"target\":{\"@type\":\"EntryPoint\",\"urlTemplate\":\"https:\\\/\\\/informatepy.com\\\/2021\\\/?s={search_term_string}\"},\"query-input\":{\"@type\":\"PropertyValueSpecification\",\"valueRequired\":true,\"valueName\":\"search_term_string\"}}],\"inLanguage\":\"es\"},{\"@type\":[\"Person\",\"Organization\"],\"@id\":\"https:\\\/\\\/informatepy.com\\\/2021\\\/#\\\/schema\\\/person\\\/edd302c981d6ba4596191719d1025a8a\",\"name\":\"admin\",\"image\":{\"@type\":\"ImageObject\",\"inLanguage\":\"es\",\"@id\":\"https:\\\/\\\/secure.gravatar.com\\\/avatar\\\/5310f602b6cbcfb86e030c4ccdbb78f6565a3b9bab6a74ab80fd3cb5428b65af?s=96&d=mm&r=g\",\"url\":\"https:\\\/\\\/secure.gravatar.com\\\/avatar\\\/5310f602b6cbcfb86e030c4ccdbb78f6565a3b9bab6a74ab80fd3cb5428b65af?s=96&d=mm&r=g\",\"contentUrl\":\"https:\\\/\\\/secure.gravatar.com\\\/avatar\\\/5310f602b6cbcfb86e030c4ccdbb78f6565a3b9bab6a74ab80fd3cb5428b65af?s=96&d=mm&r=g\",\"caption\":\"admin\"},\"logo\":{\"@id\":\"https:\\\/\\\/secure.gravatar.com\\\/avatar\\\/5310f602b6cbcfb86e030c4ccdbb78f6565a3b9bab6a74ab80fd3cb5428b65af?s=96&d=mm&r=g\"},\"sameAs\":[\"http:\\\/\\\/informatepy.com\\\/2021\"]},{\"@type\":\"Person\",\"@id\":\"https:\\\/\\\/informatepy.com\\\/2021\\\/#\\\/schema\\\/person\\\/0c842f525f84ea74ef3b44370d11757b\",\"name\":\"Redacci\u00f3n\",\"image\":{\"@type\":\"ImageObject\",\"inLanguage\":\"es\",\"@id\":\"https:\\\/\\\/i0.wp.com\\\/informatepy.com\\\/2021\\\/wp-content\\\/uploads\\\/2021\\\/02\\\/informate-circulo.png?fit=96%2C96&ssl=1\",\"url\":\"https:\\\/\\\/i0.wp.com\\\/informatepy.com\\\/2021\\\/wp-content\\\/uploads\\\/2021\\\/02\\\/informate-circulo.png?fit=96%2C96&ssl=1\",\"contentUrl\":\"https:\\\/\\\/i0.wp.com\\\/informatepy.com\\\/2021\\\/wp-content\\\/uploads\\\/2021\\\/02\\\/informate-circulo.png?fit=96%2C96&ssl=1\",\"caption\":\"Redacci\u00f3n\"},\"sameAs\":[\"https:\\\/\\\/www.facebook.com\\\/InformatePyCom\",\"https:\\\/\\\/x.com\\\/https:\\\/\\\/twitter.com\\\/InformatePy1\"],\"url\":\"https:\\\/\\\/informatepy.com\\\/2021\\\/author\\\/redaccion\\\/\"}]}<\/script>\n<!-- \/ Yoast SEO plugin. -->","yoast_head_json":{"title":"En el d\u00eda 19 del Convoy por la Libertad, el Jefe de Polic\u00eda de Ottawa renunci\u00f3 a su puesto - Informatepy","robots":{"index":"index","follow":"follow","max-snippet":"max-snippet:-1","max-image-preview":"max-image-preview:large","max-video-preview":"max-video-preview:-1"},"canonical":"https:\/\/informatepy.com\/2021\/2022\/02\/16\/en-el-dia-19-del-convoy-por-la-libertad-el-jefe-de-policia-de-ottawa-renuncio-a-su-puesto\/","og_locale":"es_ES","og_type":"article","og_title":"En el d\u00eda 19 del Convoy por la Libertad, el Jefe de Polic\u00eda de Ottawa renunci\u00f3 a su puesto - Informatepy","og_description":"\u00abHa sido un viaje dif\u00edcil, pero estoy incre\u00edblemente orgulloso de lo que hemos logrado\u00bb, dijo Peter Sloly en un comunicado. \u201cDesde el inicio de esta manifestaci\u00f3n, he hecho todo lo posible para mantener segura esta ciudad y poner fin a esta crisis sin precedentes e imprevisible\u201d, afirm\u00f3. Sloly fue jefe del Servicio de Polic\u00eda de [&hellip;]","og_url":"https:\/\/informatepy.com\/2021\/2022\/02\/16\/en-el-dia-19-del-convoy-por-la-libertad-el-jefe-de-policia-de-ottawa-renuncio-a-su-puesto\/","og_site_name":"Informatepy","article_author":"https:\/\/www.facebook.com\/InformatePyCom","article_published_time":"2022-02-16T10:15:00+00:00","og_image":[{"width":1024,"height":761,"url":"https:\/\/i0.wp.com\/informatepy.com\/2021\/wp-content\/uploads\/2022\/02\/peter-sloly.jpg?fit=1024%2C761&ssl=1","type":"image\/jpeg"}],"author":"Redacci\u00f3n","twitter_card":"summary_large_image","twitter_creator":"@https:\/\/twitter.com\/InformatePy1","twitter_misc":{"Escrito por":"Redacci\u00f3n","Tiempo de lectura":"1 minuto"},"schema":{"@context":"https:\/\/schema.org","@graph":[{"@type":"Article","@id":"https:\/\/informatepy.com\/2021\/2022\/02\/16\/en-el-dia-19-del-convoy-por-la-libertad-el-jefe-de-policia-de-ottawa-renuncio-a-su-puesto\/#article","isPartOf":{"@id":"https:\/\/informatepy.com\/2021\/2022\/02\/16\/en-el-dia-19-del-convoy-por-la-libertad-el-jefe-de-policia-de-ottawa-renuncio-a-su-puesto\/"},"author":{"name":"Redacci\u00f3n","@id":"https:\/\/informatepy.com\/2021\/#\/schema\/person\/0c842f525f84ea74ef3b44370d11757b"},"headline":"En el d\u00eda 19 del Convoy por la Libertad, el Jefe de Polic\u00eda de Ottawa renunci\u00f3 a su puesto","datePublished":"2022-02-16T10:15:00+00:00","mainEntityOfPage":{"@id":"https:\/\/informatepy.com\/2021\/2022\/02\/16\/en-el-dia-19-del-convoy-por-la-libertad-el-jefe-de-policia-de-ottawa-renuncio-a-su-puesto\/"},"wordCount":110,"commentCount":0,"publisher":{"@id":"https:\/\/informatepy.com\/2021\/#\/schema\/person\/edd302c981d6ba4596191719d1025a8a"},"image":{"@id":"https:\/\/informatepy.com\/2021\/2022\/02\/16\/en-el-dia-19-del-convoy-por-la-libertad-el-jefe-de-policia-de-ottawa-renuncio-a-su-puesto\/#primaryimage"},"thumbnailUrl":"https:\/\/i0.wp.com\/informatepy.com\/2021\/wp-content\/uploads\/2022\/02\/peter-sloly.jpg?fit=1024%2C761&ssl=1","keywords":["canada","destacada"],"articleSection":["Mundo"],"inLanguage":"es","potentialAction":[{"@type":"CommentAction","name":"Comment","target":["https:\/\/informatepy.com\/2021\/2022\/02\/16\/en-el-dia-19-del-convoy-por-la-libertad-el-jefe-de-policia-de-ottawa-renuncio-a-su-puesto\/#respond"]}]},{"@type":"WebPage","@id":"https:\/\/informatepy.com\/2021\/2022\/02\/16\/en-el-dia-19-del-convoy-por-la-libertad-el-jefe-de-policia-de-ottawa-renuncio-a-su-puesto\/","url":"https:\/\/informatepy.com\/2021\/2022\/02\/16\/en-el-dia-19-del-convoy-por-la-libertad-el-jefe-de-policia-de-ottawa-renuncio-a-su-puesto\/","name":"En el d\u00eda 19 del Convoy por la Libertad, el Jefe de Polic\u00eda de Ottawa renunci\u00f3 a su puesto - Informatepy","isPartOf":{"@id":"https:\/\/informatepy.com\/2021\/#website"},"primaryImageOfPage":{"@id":"https:\/\/informatepy.com\/2021\/2022\/02\/16\/en-el-dia-19-del-convoy-por-la-libertad-el-jefe-de-policia-de-ottawa-renuncio-a-su-puesto\/#primaryimage"},"image":{"@id":"https:\/\/informatepy.com\/2021\/2022\/02\/16\/en-el-dia-19-del-convoy-por-la-libertad-el-jefe-de-policia-de-ottawa-renuncio-a-su-puesto\/#primaryimage"},"thumbnailUrl":"https:\/\/i0.wp.com\/informatepy.com\/2021\/wp-content\/uploads\/2022\/02\/peter-sloly.jpg?fit=1024%2C761&ssl=1","datePublished":"2022-02-16T10:15:00+00:00","breadcrumb":{"@id":"https:\/\/informatepy.com\/2021\/2022\/02\/16\/en-el-dia-19-del-convoy-por-la-libertad-el-jefe-de-policia-de-ottawa-renuncio-a-su-puesto\/#breadcrumb"},"inLanguage":"es","potentialAction":[{"@type":"ReadAction","target":["https:\/\/informatepy.com\/2021\/2022\/02\/16\/en-el-dia-19-del-convoy-por-la-libertad-el-jefe-de-policia-de-ottawa-renuncio-a-su-puesto\/"]}]},{"@type":"ImageObject","inLanguage":"es","@id":"https:\/\/informatepy.com\/2021\/2022\/02\/16\/en-el-dia-19-del-convoy-por-la-libertad-el-jefe-de-policia-de-ottawa-renuncio-a-su-puesto\/#primaryimage","url":"https:\/\/i0.wp.com\/informatepy.com\/2021\/wp-content\/uploads\/2022\/02\/peter-sloly.jpg?fit=1024%2C761&ssl=1","contentUrl":"https:\/\/i0.wp.com\/informatepy.com\/2021\/wp-content\/uploads\/2022\/02\/peter-sloly.jpg?fit=1024%2C761&ssl=1","width":1024,"height":761},{"@type":"BreadcrumbList","@id":"https:\/\/informatepy.com\/2021\/2022\/02\/16\/en-el-dia-19-del-convoy-por-la-libertad-el-jefe-de-policia-de-ottawa-renuncio-a-su-puesto\/#breadcrumb","itemListElement":[{"@type":"ListItem","position":1,"name":"Portada","item":"https:\/\/informatepy.com\/2021\/"},{"@type":"ListItem","position":2,"name":"En el d\u00eda 19 del Convoy por la Libertad, el Jefe de Polic\u00eda de Ottawa renunci\u00f3 a su puesto"}]},{"@type":"WebSite","@id":"https:\/\/informatepy.com\/2021\/#website","url":"https:\/\/informatepy.com\/2021\/","name":"Informatepy","description":"La verdad, siempre!","publisher":{"@id":"https:\/\/informatepy.com\/2021\/#\/schema\/person\/edd302c981d6ba4596191719d1025a8a"},"potentialAction":[{"@type":"SearchAction","target":{"@type":"EntryPoint","urlTemplate":"https:\/\/informatepy.com\/2021\/?s={search_term_string}"},"query-input":{"@type":"PropertyValueSpecification","valueRequired":true,"valueName":"search_term_string"}}],"inLanguage":"es"},{"@type":["Person","Organization"],"@id":"https:\/\/informatepy.com\/2021\/#\/schema\/person\/edd302c981d6ba4596191719d1025a8a","name":"admin","image":{"@type":"ImageObject","inLanguage":"es","@id":"https:\/\/secure.gravatar.com\/avatar\/5310f602b6cbcfb86e030c4ccdbb78f6565a3b9bab6a74ab80fd3cb5428b65af?s=96&d=mm&r=g","url":"https:\/\/secure.gravatar.com\/avatar\/5310f602b6cbcfb86e030c4ccdbb78f6565a3b9bab6a74ab80fd3cb5428b65af?s=96&d=mm&r=g","contentUrl":"https:\/\/secure.gravatar.com\/avatar\/5310f602b6cbcfb86e030c4ccdbb78f6565a3b9bab6a74ab80fd3cb5428b65af?s=96&d=mm&r=g","caption":"admin"},"logo":{"@id":"https:\/\/secure.gravatar.com\/avatar\/5310f602b6cbcfb86e030c4ccdbb78f6565a3b9bab6a74ab80fd3cb5428b65af?s=96&d=mm&r=g"},"sameAs":["http:\/\/informatepy.com\/2021"]},{"@type":"Person","@id":"https:\/\/informatepy.com\/2021\/#\/schema\/person\/0c842f525f84ea74ef3b44370d11757b","name":"Redacci\u00f3n","image":{"@type":"ImageObject","inLanguage":"es","@id":"https:\/\/i0.wp.com\/informatepy.com\/2021\/wp-content\/uploads\/2021\/02\/informate-circulo.png?fit=96%2C96&ssl=1","url":"https:\/\/i0.wp.com\/informatepy.com\/2021\/wp-content\/uploads\/2021\/02\/informate-circulo.png?fit=96%2C96&ssl=1","contentUrl":"https:\/\/i0.wp.com\/informatepy.com\/2021\/wp-content\/uploads\/2021\/02\/informate-circulo.png?fit=96%2C96&ssl=1","caption":"Redacci\u00f3n"},"sameAs":["https:\/\/www.facebook.com\/InformatePyCom","https:\/\/x.com\/https:\/\/twitter.com\/InformatePy1"],"url":"https:\/\/informatepy.com\/2021\/author\/redaccion\/"}]}},"jetpack_featured_media_url":"https:\/\/i0.wp.com\/informatepy.com\/2021\/wp-content\/uploads\/2022\/02\/peter-sloly.jpg?fit=1024%2C761&ssl=1","jetpack_sharing_enabled":true,"jetpack_likes_enabled":true,"jetpack-related-posts":[{"id":9951,"url":"https:\/\/informatepy.com\/2021\/2022\/02\/04\/el-jefe-de-policia-de-ottawa-pretende-hacer-ver-a-xi-jinping-como-un-aficionado\/","url_meta":{"origin":10127,"position":0},"title":"El jefe de polic\u00eda de Ottawa pretende hacer ver a Xi Jinping como un aficionado","date":"4 de febrero de 2022","format":false,"excerpt":"En una declaraci\u00f3n p\u00fablica, el Jefe de Polic\u00eda de la ciudad de Ottawa afirm\u00f3 que est\u00e1n apuntando directamente contra el \"Convoy por la Libertad\u201d y quienes los apoyan. La idea del funcionario, es llevar tanto a los camioneros como a quienes colaboran con ellos a juicio. En ese sentido, reconoci\u00f3\u2026","rel":"","context":"En \u00abMundo\u00bb","img":{"alt_text":"","src":"https:\/\/i0.wp.com\/informatepy.com\/2021\/wp-content\/uploads\/2022\/02\/peter-sloly.jpg?fit=1024%2C761&ssl=1&resize=350%2C200","width":350,"height":200},"classes":[]},{"id":10001,"url":"https:\/\/informatepy.com\/2021\/2022\/02\/06\/ffaa-canadienses-se-niegan-a-reprimir-a-los-camioneros-mientras-trudeau-sigue-refugiado\/","url_meta":{"origin":10127,"position":1},"title":"FFAA canadienses se niegan a reprimir a los camioneros mientras Trudeau sigue refugiado","date":"6 de febrero de 2022","format":false,"excerpt":"A pesar de que la polic\u00eda de Ottawa, Canad\u00e1, plante\u00f3 la posibilidad de una \u201cintervenci\u00f3n militar\u201d para despejar la dura resistencia de los camioneros que bloquean su centro, las Fuerzas Armadas canadienses comunicaron que no participar\u00e1n de la represi\u00f3n. Un portavoz del Ministro de Defensa le dijo al Wall Street\u2026","rel":"","context":"En \u00abMundo\u00bb","img":{"alt_text":"","src":"https:\/\/i0.wp.com\/informatepy.com\/2021\/wp-content\/uploads\/2022\/02\/parlamento-canadiense.jpg?fit=700%2C394&ssl=1&resize=350%2C200","width":350,"height":200},"classes":[]},{"id":9786,"url":"https:\/\/informatepy.com\/2021\/2022\/01\/28\/mas-de-50-000-camiones-se-acercan-a-ottawa-para-exigir-el-fin-de-los-mandatos-de-vacunas-covid-en-canada\/","url_meta":{"origin":10127,"position":2},"title":"M\u00e1s de 50.000 camiones se acercan a Ottawa para exigir el fin de los mandatos de vacunas COVID en Canad\u00e1","date":"28 de enero de 2022","format":false,"excerpt":"Miles de camioneros canadienses avanzan con un \u201crecorrido lento\u201d hacia Ottawa este fin de semana para protestar contra los draconianos mandatos de vacunaci\u00f3n contra el COVID y otras reglas del virus impuestas por el primer ministro canadiense Justin Trudeau y los primeros ministros provinciales. \u201cLlevamos nuestra lucha hasta las puertas\u2026","rel":"","context":"En \u00abMundo\u00bb","img":{"alt_text":"","src":"https:\/\/i0.wp.com\/informatepy.com\/2021\/wp-content\/uploads\/2022\/01\/canada-trucks.jpg?fit=780%2C470&ssl=1&resize=350%2C200","width":350,"height":200},"classes":[]},{"id":9846,"url":"https:\/\/informatepy.com\/2021\/2022\/01\/29\/canada-justin-trudeau-y-su-familia-se-mudan-a-un-lugar-secreto-por-temor-a-las-protestas-de-los-camioneros\/","url_meta":{"origin":10127,"position":3},"title":"Canad\u00e1: Justin Trudeau y su familia se mudan a un lugar secreto por temor a las protestas de los camioneros","date":"29 de enero de 2022","format":false,"excerpt":"CBC inform\u00f3 que el primer ministro canadiense,\u00a0Justin Trudeau, y su familia abandonaron su casa en Ottawa para ir a un lugar secreto, en medio de preocupaciones de seguridad debido a que miles de personas llegaron a la capital canadiense el s\u00e1bado en convoyes de camiones para protestar por los mandatos\u2026","rel":"","context":"En \u00abMundo\u00bb","img":{"alt_text":"","src":"https:\/\/i0.wp.com\/informatepy.com\/2021\/wp-content\/uploads\/2022\/01\/justin-trudeau.jpg?fit=710%2C399&ssl=1&resize=350%2C200","width":350,"height":200},"classes":[]},{"id":9960,"url":"https:\/\/informatepy.com\/2021\/2022\/02\/06\/tablero-mundial-rebelion-contra-la-tirania-sanitario-progresista-de-trudeau\/","url_meta":{"origin":10127,"position":4},"title":"TABLERO MUNDIAL:  Rebeli\u00f3n contra la tiran\u00eda sanitario-progresista de Trudeau","date":"6 de febrero de 2022","format":false,"excerpt":"Con el surgimiento del brote viral del corona virus en la ciudad china de Wuhan y m\u00e1s tarde, como consecuencia de la negligencia o encubrimiento intencional a la tiran\u00eda comunista de Xi Jinping por parte de la Organizaci\u00f3n Mundial de la Salud, este brote se convirti\u00f3 en pandemia. Pandemia, que\u2026","rel":"","context":"En \u00abAnalisis\u00bb","img":{"alt_text":"","src":"https:\/\/i0.wp.com\/informatepy.com\/2021\/wp-content\/uploads\/2021\/11\/nahem.png?fit=1200%2C657&ssl=1&resize=350%2C200","width":350,"height":200},"classes":[]},{"id":13506,"url":"https:\/\/informatepy.com\/2021\/2022\/08\/22\/fauci-presento-su-renuncia-a-partir-de-diciembre\/","url_meta":{"origin":10127,"position":5},"title":"Fauci present\u00f3 su renuncia a partir de diciembre","date":"22 de agosto de 2022","format":false,"excerpt":"\"Anuncio el d\u00eda de hoy que dejar\u00e9 mi cargo como director del Instituto Nacional de Alergias y Enfermedades Infecciosas (NIAID, por sus siglas en ingl\u00e9s) y jefe del Laboratorio de Inmunolog\u00eda, as\u00ed como el de principal asesor m\u00e9dico del presidente Joe Biden\", dijo Fauci en un comunicado. \"Dejar\u00e9 estos cargos\u2026","rel":"","context":"En \u00abMundo\u00bb","img":{"alt_text":"","src":"https:\/\/i0.wp.com\/informatepy.com\/2021\/wp-content\/uploads\/2021\/06\/fauci.jpg?fit=1200%2C675&ssl=1&resize=350%2C200","width":350,"height":200},"classes":[]}],"authors":[{"term_id":1051,"user_id":4,"is_guest":0,"slug":"redaccion","display_name":"Redacci\u00f3n","avatar_url":"https:\/\/i0.wp.com\/informatepy.com\/2021\/wp-content\/uploads\/2021\/02\/informate-circulo.png?fit=96%2C96&ssl=1","first_name":"Redacci\u00f3n","last_name":"","user_url":"","description":""}],"amp_enabled":true,"_links":{"self":[{"href":"https:\/\/informatepy.com\/2021\/wp-json\/wp\/v2\/posts\/10127","targetHints":{"allow":["GET"]}}],"collection":[{"href":"https:\/\/informatepy.com\/2021\/wp-json\/wp\/v2\/posts"}],"about":[{"href":"https:\/\/informatepy.com\/2021\/wp-json\/wp\/v2\/types\/post"}],"author":[{"embeddable":true,"href":"https:\/\/informatepy.com\/2021\/wp-json\/wp\/v2\/users\/4"}],"replies":[{"embeddable":true,"href":"https:\/\/informatepy.com\/2021\/wp-json\/wp\/v2\/comments?post=10127"}],"version-history":[{"count":2,"href":"https:\/\/informatepy.com\/2021\/wp-json\/wp\/v2\/posts\/10127\/revisions"}],"predecessor-version":[{"id":10129,"href":"https:\/\/informatepy.com\/2021\/wp-json\/wp\/v2\/posts\/10127\/revisions\/10129"}],"wp:featuredmedia":[{"embeddable":true,"href":"https:\/\/informatepy.com\/2021\/wp-json\/wp\/v2\/media\/9952"}],"wp:attachment":[{"href":"https:\/\/informatepy.com\/2021\/wp-json\/wp\/v2\/media?parent=10127"}],"wp:term":[{"taxonomy":"category","embeddable":true,"href":"https:\/\/informatepy.com\/2021\/wp-json\/wp\/v2\/categories?post=10127"},{"taxonomy":"post_tag","embeddable":true,"href":"https:\/\/informatepy.com\/2021\/wp-json\/wp\/v2\/tags?post=10127"},{"taxonomy":"author","embeddable":true,"href":"https:\/\/informatepy.com\/2021\/wp-json\/wp\/v2\/ppma_author?post=10127"}],"curies":[{"name":"wp","href":"https:\/\/api.w.org\/{rel}","templated":true}]}}