{"id":10051,"date":"2022-02-11T08:10:00","date_gmt":"2022-02-11T11:10:00","guid":{"rendered":"https:\/\/informatepy.com\/2021\/?p=10051"},"modified":"2022-02-10T18:57:22","modified_gmt":"2022-02-10T21:57:22","slug":"la-cepa-canadiense-se-volvio-contagiosa-y-se-preven-bloqueos-en-francia-belgica-y-nueva-zelanda","status":"publish","type":"post","link":"https:\/\/informatepy.com\/2021\/2022\/02\/11\/la-cepa-canadiense-se-volvio-contagiosa-y-se-preven-bloqueos-en-francia-belgica-y-nueva-zelanda\/","title":{"rendered":"La \u00abcepa\u00bb canadiense se volvi\u00f3 contagiosa y se prev\u00e9n bloqueos en Francia, B\u00e9lgica y Nueva Zelanda"},"content":{"rendered":"\n<p class=\"has-text-align-justify\">El movimiento iniciado por los camioneros canadienses dej\u00f3 de ser un problema exclusivo de Justin Trudeau y se convirti\u00f3 en uno que se comienza a expandir por el mundo<strong>, desde Nueva Zelanda hasta Francia y B\u00e9lgica.<\/strong><\/p>\n\n\n\n<p class=\"has-text-align-justify\">En Francia, miles de manifestantes inspirados en \u00abEl Convoy por la Libertad\u00bb de los camioneros canadienses, tienen previsto <strong>converger en Par\u00eds el viernes por la noche, con algunos de ellos dispuestos a trasladarse hacia Bruselas el lunes.&nbsp;<\/strong>Varios convoyes partieron a la capital despu\u00e9s de salir de ciudades francesas como Niza, Bayona o Perpi\u00f1\u00e1n.<\/p>\n\n\n\n<p class=\"has-text-align-justify\">Mientras los manifestantes se mantienen firmes, dando el ejemplo, en la ciudad de Ottawa, la polic\u00eda de Par\u00eds anunci\u00f3 que&nbsp;<strong>aplicar\u00e1 \u201cun dispositivo espec\u00edfico\u201d de viernes a lunes \u201cpara impedir el bloqueo\u201d de la capital francesa<\/strong>, destacando que regir\u00e1 la prohibici\u00f3n de los \u201cconvoyes\u201d. Para ello, dispuso el despliegue de fuerzas en autopistas y carreteras y advirti\u00f3 que ser\u00e1n multados o arrestados quienes intenten obstruir v\u00edas p\u00fablicas.<\/p>\n\n\n\n<p class=\"has-text-align-justify\">Tambi\u00e9n, la alcald\u00eda de&nbsp;<strong>Bruselas prohibi\u00f3 oficialmente este jueves la realizaci\u00f3n de la manifestaci\u00f3n \u201cConvoyes de la libertad\u201d&nbsp;<\/strong>prevista para el fin de semana con un bloqueo en la ciudad para protestar contra las restricciones sanitarias y dispuso medidas especiales.<\/p>\n","protected":false},"excerpt":{"rendered":"<p>El movimiento iniciado por los camioneros canadienses dej\u00f3 de ser un problema exclusivo de Justin Trudeau y se convirti\u00f3 en uno que se comienza a expandir por el mundo, desde Nueva Zelanda hasta Francia y B\u00e9lgica. En Francia, miles de manifestantes inspirados en \u00abEl Convoy por la Libertad\u00bb de los camioneros canadienses, tienen previsto converger [&hellip;]<\/p>\n","protected":false},"author":4,"featured_media":9614,"comment_status":"open","ping_status":"open","sticky":false,"template":"","format":"standard","meta":{"_monsterinsights_skip_tracking":false,"_monsterinsights_sitenote_active":false,"_monsterinsights_sitenote_note":"","_monsterinsights_sitenote_category":0,"footnotes":"","jetpack_publicize_message":"","jetpack_is_tweetstorm":false,"jetpack_publicize_feature_enabled":true},"categories":[173],"tags":[1657,1391,1036,542,1576],"ppma_author":[1051],"class_list":["post-10051","post","type-post","status-publish","format-standard","has-post-thumbnail","hentry","category-mundo","tag-belgica","tag-canada","tag-destacada","tag-francia","tag-nueva-zelanda"],"jetpack_publicize_connections":[],"yoast_head":"<!-- This site is optimized with the Yoast SEO plugin v27.5 - https:\/\/yoast.com\/product\/yoast-seo-wordpress\/ -->\n<title>La &quot;cepa&quot; canadiense se volvi\u00f3 contagiosa y se prev\u00e9n bloqueos en Francia, B\u00e9lgica y Nueva Zelanda - Informatepy<\/title>\n<meta name=\"robots\" content=\"index, follow, max-snippet:-1, max-image-preview:large, max-video-preview:-1\" \/>\n<link rel=\"canonical\" href=\"https:\/\/informatepy.com\/2021\/2022\/02\/11\/la-cepa-canadiense-se-volvio-contagiosa-y-se-preven-bloqueos-en-francia-belgica-y-nueva-zelanda\/\" \/>\n<meta property=\"og:locale\" content=\"es_ES\" \/>\n<meta property=\"og:type\" content=\"article\" \/>\n<meta property=\"og:title\" content=\"La &quot;cepa&quot; canadiense se volvi\u00f3 contagiosa y se prev\u00e9n bloqueos en Francia, B\u00e9lgica y Nueva Zelanda - Informatepy\" \/>\n<meta property=\"og:description\" content=\"El movimiento iniciado por los camioneros canadienses dej\u00f3 de ser un problema exclusivo de Justin Trudeau y se convirti\u00f3 en uno que se comienza a expandir por el mundo, desde Nueva Zelanda hasta Francia y B\u00e9lgica. En Francia, miles de manifestantes inspirados en \u00abEl Convoy por la Libertad\u00bb de los camioneros canadienses, tienen previsto converger [&hellip;]\" \/>\n<meta property=\"og:url\" content=\"https:\/\/informatepy.com\/2021\/2022\/02\/11\/la-cepa-canadiense-se-volvio-contagiosa-y-se-preven-bloqueos-en-francia-belgica-y-nueva-zelanda\/\" \/>\n<meta property=\"og:site_name\" content=\"Informatepy\" \/>\n<meta property=\"article:author\" content=\"https:\/\/www.facebook.com\/InformatePyCom\" \/>\n<meta property=\"article:published_time\" content=\"2022-02-11T11:10:00+00:00\" \/>\n<meta property=\"og:image\" content=\"https:\/\/i0.wp.com\/informatepy.com\/2021\/wp-content\/uploads\/2022\/01\/camioneros-canadienses-1.jpg?fit=800%2C417&ssl=1\" \/>\n\t<meta property=\"og:image:width\" content=\"800\" \/>\n\t<meta property=\"og:image:height\" content=\"417\" \/>\n\t<meta property=\"og:image:type\" content=\"image\/jpeg\" \/>\n<meta name=\"author\" content=\"Redacci\u00f3n\" \/>\n<meta name=\"twitter:card\" content=\"summary_large_image\" \/>\n<meta name=\"twitter:creator\" content=\"@https:\/\/twitter.com\/InformatePy1\" \/>\n<meta name=\"twitter:label1\" content=\"Escrito por\" \/>\n\t<meta name=\"twitter:data1\" content=\"Redacci\u00f3n\" \/>\n\t<meta name=\"twitter:label2\" content=\"Tiempo de lectura\" \/>\n\t<meta name=\"twitter:data2\" content=\"1 minuto\" \/>\n<script type=\"application\/ld+json\" class=\"yoast-schema-graph\">{\"@context\":\"https:\\\/\\\/schema.org\",\"@graph\":[{\"@type\":\"Article\",\"@id\":\"https:\\\/\\\/informatepy.com\\\/2021\\\/2022\\\/02\\\/11\\\/la-cepa-canadiense-se-volvio-contagiosa-y-se-preven-bloqueos-en-francia-belgica-y-nueva-zelanda\\\/#article\",\"isPartOf\":{\"@id\":\"https:\\\/\\\/informatepy.com\\\/2021\\\/2022\\\/02\\\/11\\\/la-cepa-canadiense-se-volvio-contagiosa-y-se-preven-bloqueos-en-francia-belgica-y-nueva-zelanda\\\/\"},\"author\":{\"name\":\"Redacci\u00f3n\",\"@id\":\"https:\\\/\\\/informatepy.com\\\/2021\\\/#\\\/schema\\\/person\\\/0c842f525f84ea74ef3b44370d11757b\"},\"headline\":\"La \u00abcepa\u00bb canadiense se volvi\u00f3 contagiosa y se prev\u00e9n bloqueos en Francia, B\u00e9lgica y Nueva Zelanda\",\"datePublished\":\"2022-02-11T11:10:00+00:00\",\"mainEntityOfPage\":{\"@id\":\"https:\\\/\\\/informatepy.com\\\/2021\\\/2022\\\/02\\\/11\\\/la-cepa-canadiense-se-volvio-contagiosa-y-se-preven-bloqueos-en-francia-belgica-y-nueva-zelanda\\\/\"},\"wordCount\":234,\"commentCount\":0,\"publisher\":{\"@id\":\"https:\\\/\\\/informatepy.com\\\/2021\\\/#\\\/schema\\\/person\\\/edd302c981d6ba4596191719d1025a8a\"},\"image\":{\"@id\":\"https:\\\/\\\/informatepy.com\\\/2021\\\/2022\\\/02\\\/11\\\/la-cepa-canadiense-se-volvio-contagiosa-y-se-preven-bloqueos-en-francia-belgica-y-nueva-zelanda\\\/#primaryimage\"},\"thumbnailUrl\":\"https:\\\/\\\/i0.wp.com\\\/informatepy.com\\\/2021\\\/wp-content\\\/uploads\\\/2022\\\/01\\\/camioneros-canadienses-1.jpg?fit=800%2C417&ssl=1\",\"keywords\":[\"belgica\",\"canada\",\"destacada\",\"francia\",\"nueva zelanda\"],\"articleSection\":[\"Mundo\"],\"inLanguage\":\"es\",\"potentialAction\":[{\"@type\":\"CommentAction\",\"name\":\"Comment\",\"target\":[\"https:\\\/\\\/informatepy.com\\\/2021\\\/2022\\\/02\\\/11\\\/la-cepa-canadiense-se-volvio-contagiosa-y-se-preven-bloqueos-en-francia-belgica-y-nueva-zelanda\\\/#respond\"]}]},{\"@type\":\"WebPage\",\"@id\":\"https:\\\/\\\/informatepy.com\\\/2021\\\/2022\\\/02\\\/11\\\/la-cepa-canadiense-se-volvio-contagiosa-y-se-preven-bloqueos-en-francia-belgica-y-nueva-zelanda\\\/\",\"url\":\"https:\\\/\\\/informatepy.com\\\/2021\\\/2022\\\/02\\\/11\\\/la-cepa-canadiense-se-volvio-contagiosa-y-se-preven-bloqueos-en-francia-belgica-y-nueva-zelanda\\\/\",\"name\":\"La \\\"cepa\\\" canadiense se volvi\u00f3 contagiosa y se prev\u00e9n bloqueos en Francia, B\u00e9lgica y Nueva Zelanda - Informatepy\",\"isPartOf\":{\"@id\":\"https:\\\/\\\/informatepy.com\\\/2021\\\/#website\"},\"primaryImageOfPage\":{\"@id\":\"https:\\\/\\\/informatepy.com\\\/2021\\\/2022\\\/02\\\/11\\\/la-cepa-canadiense-se-volvio-contagiosa-y-se-preven-bloqueos-en-francia-belgica-y-nueva-zelanda\\\/#primaryimage\"},\"image\":{\"@id\":\"https:\\\/\\\/informatepy.com\\\/2021\\\/2022\\\/02\\\/11\\\/la-cepa-canadiense-se-volvio-contagiosa-y-se-preven-bloqueos-en-francia-belgica-y-nueva-zelanda\\\/#primaryimage\"},\"thumbnailUrl\":\"https:\\\/\\\/i0.wp.com\\\/informatepy.com\\\/2021\\\/wp-content\\\/uploads\\\/2022\\\/01\\\/camioneros-canadienses-1.jpg?fit=800%2C417&ssl=1\",\"datePublished\":\"2022-02-11T11:10:00+00:00\",\"breadcrumb\":{\"@id\":\"https:\\\/\\\/informatepy.com\\\/2021\\\/2022\\\/02\\\/11\\\/la-cepa-canadiense-se-volvio-contagiosa-y-se-preven-bloqueos-en-francia-belgica-y-nueva-zelanda\\\/#breadcrumb\"},\"inLanguage\":\"es\",\"potentialAction\":[{\"@type\":\"ReadAction\",\"target\":[\"https:\\\/\\\/informatepy.com\\\/2021\\\/2022\\\/02\\\/11\\\/la-cepa-canadiense-se-volvio-contagiosa-y-se-preven-bloqueos-en-francia-belgica-y-nueva-zelanda\\\/\"]}]},{\"@type\":\"ImageObject\",\"inLanguage\":\"es\",\"@id\":\"https:\\\/\\\/informatepy.com\\\/2021\\\/2022\\\/02\\\/11\\\/la-cepa-canadiense-se-volvio-contagiosa-y-se-preven-bloqueos-en-francia-belgica-y-nueva-zelanda\\\/#primaryimage\",\"url\":\"https:\\\/\\\/i0.wp.com\\\/informatepy.com\\\/2021\\\/wp-content\\\/uploads\\\/2022\\\/01\\\/camioneros-canadienses-1.jpg?fit=800%2C417&ssl=1\",\"contentUrl\":\"https:\\\/\\\/i0.wp.com\\\/informatepy.com\\\/2021\\\/wp-content\\\/uploads\\\/2022\\\/01\\\/camioneros-canadienses-1.jpg?fit=800%2C417&ssl=1\",\"width\":800,\"height\":417},{\"@type\":\"BreadcrumbList\",\"@id\":\"https:\\\/\\\/informatepy.com\\\/2021\\\/2022\\\/02\\\/11\\\/la-cepa-canadiense-se-volvio-contagiosa-y-se-preven-bloqueos-en-francia-belgica-y-nueva-zelanda\\\/#breadcrumb\",\"itemListElement\":[{\"@type\":\"ListItem\",\"position\":1,\"name\":\"Portada\",\"item\":\"https:\\\/\\\/informatepy.com\\\/2021\\\/\"},{\"@type\":\"ListItem\",\"position\":2,\"name\":\"La \u00abcepa\u00bb canadiense se volvi\u00f3 contagiosa y se prev\u00e9n bloqueos en Francia, B\u00e9lgica y Nueva Zelanda\"}]},{\"@type\":\"WebSite\",\"@id\":\"https:\\\/\\\/informatepy.com\\\/2021\\\/#website\",\"url\":\"https:\\\/\\\/informatepy.com\\\/2021\\\/\",\"name\":\"Informatepy\",\"description\":\"La verdad, siempre!\",\"publisher\":{\"@id\":\"https:\\\/\\\/informatepy.com\\\/2021\\\/#\\\/schema\\\/person\\\/edd302c981d6ba4596191719d1025a8a\"},\"potentialAction\":[{\"@type\":\"SearchAction\",\"target\":{\"@type\":\"EntryPoint\",\"urlTemplate\":\"https:\\\/\\\/informatepy.com\\\/2021\\\/?s={search_term_string}\"},\"query-input\":{\"@type\":\"PropertyValueSpecification\",\"valueRequired\":true,\"valueName\":\"search_term_string\"}}],\"inLanguage\":\"es\"},{\"@type\":[\"Person\",\"Organization\"],\"@id\":\"https:\\\/\\\/informatepy.com\\\/2021\\\/#\\\/schema\\\/person\\\/edd302c981d6ba4596191719d1025a8a\",\"name\":\"admin\",\"image\":{\"@type\":\"ImageObject\",\"inLanguage\":\"es\",\"@id\":\"https:\\\/\\\/secure.gravatar.com\\\/avatar\\\/5310f602b6cbcfb86e030c4ccdbb78f6565a3b9bab6a74ab80fd3cb5428b65af?s=96&d=mm&r=g\",\"url\":\"https:\\\/\\\/secure.gravatar.com\\\/avatar\\\/5310f602b6cbcfb86e030c4ccdbb78f6565a3b9bab6a74ab80fd3cb5428b65af?s=96&d=mm&r=g\",\"contentUrl\":\"https:\\\/\\\/secure.gravatar.com\\\/avatar\\\/5310f602b6cbcfb86e030c4ccdbb78f6565a3b9bab6a74ab80fd3cb5428b65af?s=96&d=mm&r=g\",\"caption\":\"admin\"},\"logo\":{\"@id\":\"https:\\\/\\\/secure.gravatar.com\\\/avatar\\\/5310f602b6cbcfb86e030c4ccdbb78f6565a3b9bab6a74ab80fd3cb5428b65af?s=96&d=mm&r=g\"},\"sameAs\":[\"http:\\\/\\\/informatepy.com\\\/2021\"]},{\"@type\":\"Person\",\"@id\":\"https:\\\/\\\/informatepy.com\\\/2021\\\/#\\\/schema\\\/person\\\/0c842f525f84ea74ef3b44370d11757b\",\"name\":\"Redacci\u00f3n\",\"image\":{\"@type\":\"ImageObject\",\"inLanguage\":\"es\",\"@id\":\"https:\\\/\\\/i0.wp.com\\\/informatepy.com\\\/2021\\\/wp-content\\\/uploads\\\/2021\\\/02\\\/informate-circulo.png?fit=96%2C96&ssl=1\",\"url\":\"https:\\\/\\\/i0.wp.com\\\/informatepy.com\\\/2021\\\/wp-content\\\/uploads\\\/2021\\\/02\\\/informate-circulo.png?fit=96%2C96&ssl=1\",\"contentUrl\":\"https:\\\/\\\/i0.wp.com\\\/informatepy.com\\\/2021\\\/wp-content\\\/uploads\\\/2021\\\/02\\\/informate-circulo.png?fit=96%2C96&ssl=1\",\"caption\":\"Redacci\u00f3n\"},\"sameAs\":[\"https:\\\/\\\/www.facebook.com\\\/InformatePyCom\",\"https:\\\/\\\/x.com\\\/https:\\\/\\\/twitter.com\\\/InformatePy1\"],\"url\":\"https:\\\/\\\/informatepy.com\\\/2021\\\/author\\\/redaccion\\\/\"}]}<\/script>\n<!-- \/ Yoast SEO plugin. -->","yoast_head_json":{"title":"La \"cepa\" canadiense se volvi\u00f3 contagiosa y se prev\u00e9n bloqueos en Francia, B\u00e9lgica y Nueva Zelanda - Informatepy","robots":{"index":"index","follow":"follow","max-snippet":"max-snippet:-1","max-image-preview":"max-image-preview:large","max-video-preview":"max-video-preview:-1"},"canonical":"https:\/\/informatepy.com\/2021\/2022\/02\/11\/la-cepa-canadiense-se-volvio-contagiosa-y-se-preven-bloqueos-en-francia-belgica-y-nueva-zelanda\/","og_locale":"es_ES","og_type":"article","og_title":"La \"cepa\" canadiense se volvi\u00f3 contagiosa y se prev\u00e9n bloqueos en Francia, B\u00e9lgica y Nueva Zelanda - Informatepy","og_description":"El movimiento iniciado por los camioneros canadienses dej\u00f3 de ser un problema exclusivo de Justin Trudeau y se convirti\u00f3 en uno que se comienza a expandir por el mundo, desde Nueva Zelanda hasta Francia y B\u00e9lgica. En Francia, miles de manifestantes inspirados en \u00abEl Convoy por la Libertad\u00bb de los camioneros canadienses, tienen previsto converger [&hellip;]","og_url":"https:\/\/informatepy.com\/2021\/2022\/02\/11\/la-cepa-canadiense-se-volvio-contagiosa-y-se-preven-bloqueos-en-francia-belgica-y-nueva-zelanda\/","og_site_name":"Informatepy","article_author":"https:\/\/www.facebook.com\/InformatePyCom","article_published_time":"2022-02-11T11:10:00+00:00","og_image":[{"width":800,"height":417,"url":"https:\/\/i0.wp.com\/informatepy.com\/2021\/wp-content\/uploads\/2022\/01\/camioneros-canadienses-1.jpg?fit=800%2C417&ssl=1","type":"image\/jpeg"}],"author":"Redacci\u00f3n","twitter_card":"summary_large_image","twitter_creator":"@https:\/\/twitter.com\/InformatePy1","twitter_misc":{"Escrito por":"Redacci\u00f3n","Tiempo de lectura":"1 minuto"},"schema":{"@context":"https:\/\/schema.org","@graph":[{"@type":"Article","@id":"https:\/\/informatepy.com\/2021\/2022\/02\/11\/la-cepa-canadiense-se-volvio-contagiosa-y-se-preven-bloqueos-en-francia-belgica-y-nueva-zelanda\/#article","isPartOf":{"@id":"https:\/\/informatepy.com\/2021\/2022\/02\/11\/la-cepa-canadiense-se-volvio-contagiosa-y-se-preven-bloqueos-en-francia-belgica-y-nueva-zelanda\/"},"author":{"name":"Redacci\u00f3n","@id":"https:\/\/informatepy.com\/2021\/#\/schema\/person\/0c842f525f84ea74ef3b44370d11757b"},"headline":"La \u00abcepa\u00bb canadiense se volvi\u00f3 contagiosa y se prev\u00e9n bloqueos en Francia, B\u00e9lgica y Nueva Zelanda","datePublished":"2022-02-11T11:10:00+00:00","mainEntityOfPage":{"@id":"https:\/\/informatepy.com\/2021\/2022\/02\/11\/la-cepa-canadiense-se-volvio-contagiosa-y-se-preven-bloqueos-en-francia-belgica-y-nueva-zelanda\/"},"wordCount":234,"commentCount":0,"publisher":{"@id":"https:\/\/informatepy.com\/2021\/#\/schema\/person\/edd302c981d6ba4596191719d1025a8a"},"image":{"@id":"https:\/\/informatepy.com\/2021\/2022\/02\/11\/la-cepa-canadiense-se-volvio-contagiosa-y-se-preven-bloqueos-en-francia-belgica-y-nueva-zelanda\/#primaryimage"},"thumbnailUrl":"https:\/\/i0.wp.com\/informatepy.com\/2021\/wp-content\/uploads\/2022\/01\/camioneros-canadienses-1.jpg?fit=800%2C417&ssl=1","keywords":["belgica","canada","destacada","francia","nueva zelanda"],"articleSection":["Mundo"],"inLanguage":"es","potentialAction":[{"@type":"CommentAction","name":"Comment","target":["https:\/\/informatepy.com\/2021\/2022\/02\/11\/la-cepa-canadiense-se-volvio-contagiosa-y-se-preven-bloqueos-en-francia-belgica-y-nueva-zelanda\/#respond"]}]},{"@type":"WebPage","@id":"https:\/\/informatepy.com\/2021\/2022\/02\/11\/la-cepa-canadiense-se-volvio-contagiosa-y-se-preven-bloqueos-en-francia-belgica-y-nueva-zelanda\/","url":"https:\/\/informatepy.com\/2021\/2022\/02\/11\/la-cepa-canadiense-se-volvio-contagiosa-y-se-preven-bloqueos-en-francia-belgica-y-nueva-zelanda\/","name":"La \"cepa\" canadiense se volvi\u00f3 contagiosa y se prev\u00e9n bloqueos en Francia, B\u00e9lgica y Nueva Zelanda - Informatepy","isPartOf":{"@id":"https:\/\/informatepy.com\/2021\/#website"},"primaryImageOfPage":{"@id":"https:\/\/informatepy.com\/2021\/2022\/02\/11\/la-cepa-canadiense-se-volvio-contagiosa-y-se-preven-bloqueos-en-francia-belgica-y-nueva-zelanda\/#primaryimage"},"image":{"@id":"https:\/\/informatepy.com\/2021\/2022\/02\/11\/la-cepa-canadiense-se-volvio-contagiosa-y-se-preven-bloqueos-en-francia-belgica-y-nueva-zelanda\/#primaryimage"},"thumbnailUrl":"https:\/\/i0.wp.com\/informatepy.com\/2021\/wp-content\/uploads\/2022\/01\/camioneros-canadienses-1.jpg?fit=800%2C417&ssl=1","datePublished":"2022-02-11T11:10:00+00:00","breadcrumb":{"@id":"https:\/\/informatepy.com\/2021\/2022\/02\/11\/la-cepa-canadiense-se-volvio-contagiosa-y-se-preven-bloqueos-en-francia-belgica-y-nueva-zelanda\/#breadcrumb"},"inLanguage":"es","potentialAction":[{"@type":"ReadAction","target":["https:\/\/informatepy.com\/2021\/2022\/02\/11\/la-cepa-canadiense-se-volvio-contagiosa-y-se-preven-bloqueos-en-francia-belgica-y-nueva-zelanda\/"]}]},{"@type":"ImageObject","inLanguage":"es","@id":"https:\/\/informatepy.com\/2021\/2022\/02\/11\/la-cepa-canadiense-se-volvio-contagiosa-y-se-preven-bloqueos-en-francia-belgica-y-nueva-zelanda\/#primaryimage","url":"https:\/\/i0.wp.com\/informatepy.com\/2021\/wp-content\/uploads\/2022\/01\/camioneros-canadienses-1.jpg?fit=800%2C417&ssl=1","contentUrl":"https:\/\/i0.wp.com\/informatepy.com\/2021\/wp-content\/uploads\/2022\/01\/camioneros-canadienses-1.jpg?fit=800%2C417&ssl=1","width":800,"height":417},{"@type":"BreadcrumbList","@id":"https:\/\/informatepy.com\/2021\/2022\/02\/11\/la-cepa-canadiense-se-volvio-contagiosa-y-se-preven-bloqueos-en-francia-belgica-y-nueva-zelanda\/#breadcrumb","itemListElement":[{"@type":"ListItem","position":1,"name":"Portada","item":"https:\/\/informatepy.com\/2021\/"},{"@type":"ListItem","position":2,"name":"La \u00abcepa\u00bb canadiense se volvi\u00f3 contagiosa y se prev\u00e9n bloqueos en Francia, B\u00e9lgica y Nueva Zelanda"}]},{"@type":"WebSite","@id":"https:\/\/informatepy.com\/2021\/#website","url":"https:\/\/informatepy.com\/2021\/","name":"Informatepy","description":"La verdad, siempre!","publisher":{"@id":"https:\/\/informatepy.com\/2021\/#\/schema\/person\/edd302c981d6ba4596191719d1025a8a"},"potentialAction":[{"@type":"SearchAction","target":{"@type":"EntryPoint","urlTemplate":"https:\/\/informatepy.com\/2021\/?s={search_term_string}"},"query-input":{"@type":"PropertyValueSpecification","valueRequired":true,"valueName":"search_term_string"}}],"inLanguage":"es"},{"@type":["Person","Organization"],"@id":"https:\/\/informatepy.com\/2021\/#\/schema\/person\/edd302c981d6ba4596191719d1025a8a","name":"admin","image":{"@type":"ImageObject","inLanguage":"es","@id":"https:\/\/secure.gravatar.com\/avatar\/5310f602b6cbcfb86e030c4ccdbb78f6565a3b9bab6a74ab80fd3cb5428b65af?s=96&d=mm&r=g","url":"https:\/\/secure.gravatar.com\/avatar\/5310f602b6cbcfb86e030c4ccdbb78f6565a3b9bab6a74ab80fd3cb5428b65af?s=96&d=mm&r=g","contentUrl":"https:\/\/secure.gravatar.com\/avatar\/5310f602b6cbcfb86e030c4ccdbb78f6565a3b9bab6a74ab80fd3cb5428b65af?s=96&d=mm&r=g","caption":"admin"},"logo":{"@id":"https:\/\/secure.gravatar.com\/avatar\/5310f602b6cbcfb86e030c4ccdbb78f6565a3b9bab6a74ab80fd3cb5428b65af?s=96&d=mm&r=g"},"sameAs":["http:\/\/informatepy.com\/2021"]},{"@type":"Person","@id":"https:\/\/informatepy.com\/2021\/#\/schema\/person\/0c842f525f84ea74ef3b44370d11757b","name":"Redacci\u00f3n","image":{"@type":"ImageObject","inLanguage":"es","@id":"https:\/\/i0.wp.com\/informatepy.com\/2021\/wp-content\/uploads\/2021\/02\/informate-circulo.png?fit=96%2C96&ssl=1","url":"https:\/\/i0.wp.com\/informatepy.com\/2021\/wp-content\/uploads\/2021\/02\/informate-circulo.png?fit=96%2C96&ssl=1","contentUrl":"https:\/\/i0.wp.com\/informatepy.com\/2021\/wp-content\/uploads\/2021\/02\/informate-circulo.png?fit=96%2C96&ssl=1","caption":"Redacci\u00f3n"},"sameAs":["https:\/\/www.facebook.com\/InformatePyCom","https:\/\/x.com\/https:\/\/twitter.com\/InformatePy1"],"url":"https:\/\/informatepy.com\/2021\/author\/redaccion\/"}]}},"jetpack_featured_media_url":"https:\/\/i0.wp.com\/informatepy.com\/2021\/wp-content\/uploads\/2022\/01\/camioneros-canadienses-1.jpg?fit=800%2C417&ssl=1","jetpack_sharing_enabled":true,"jetpack_likes_enabled":true,"jetpack-related-posts":[{"id":9611,"url":"https:\/\/informatepy.com\/2021\/2022\/01\/22\/convoy-por-la-libertad-camioneros-canadienses-bloquearan-carreteras-en-oposicion-a-los-mandatos-de-vacunas\/","url_meta":{"origin":10051,"position":0},"title":"&#8216;Convoy por la libertad&#8217;: Camioneros canadienses bloquear\u00e1n carreteras en oposici\u00f3n a los mandatos de vacunas","date":"22 de enero de 2022","format":false,"excerpt":"Una coalici\u00f3n de camioneros canadienses se est\u00e1 preparando para conducir por todo el pa\u00eds para protestar por el mandato federal de vacunaci\u00f3n en la capital de Canad\u00e1. Tres convoyes separados de camioneros\u00a0viajar\u00e1n a lo largo\u00a0de rutas que comienzan desde la Columbia Brit\u00e1nica en el oeste, Newfoundland en el este y\u2026","rel":"","context":"En \u00abMundo\u00bb","img":{"alt_text":"","src":"https:\/\/i0.wp.com\/informatepy.com\/2021\/wp-content\/uploads\/2022\/01\/camioneros-canadienses-1.jpg?fit=800%2C417&ssl=1&resize=350%2C200","width":350,"height":200},"classes":[]},{"id":10344,"url":"https:\/\/informatepy.com\/2021\/2022\/02\/27\/donald-trump-no-olvida-a-los-camioneros-canadienses\/","url_meta":{"origin":10051,"position":1},"title":"Donald Trump no olvida a los camioneros canadienses","date":"27 de febrero de 2022","format":false,"excerpt":"En el marco de la Conferencia de Acci\u00f3n Pol\u00edtica Conservadora (CPAC - por sus siglas en Ingl\u00e9s), el expresidente Donald Trump, record\u00f3 la falta de libertad y la brutal represi\u00f3n sufrida por los ciudadanos canadienses del \"Convoy por la Libertad\". En su discurso afirm\u00f3 que \u201cSi quieren luchar por las\u2026","rel":"","context":"En \u00abMundo\u00bb","img":{"alt_text":"","src":"https:\/\/i0.wp.com\/informatepy.com\/2021\/wp-content\/uploads\/2022\/02\/trump-cpac-2022.jpg?fit=1024%2C682&ssl=1&resize=350%2C200","width":350,"height":200},"classes":[]},{"id":9810,"url":"https:\/\/informatepy.com\/2021\/2022\/01\/28\/facebook-elimino-el-grupo-del-convoy-de-camioneros-canadienses-y-gofundme-retiene-los-fondos-recolectados-en-apoyo-de-la-protesta\/","url_meta":{"origin":10051,"position":2},"title":"Facebook elimin\u00f3 el grupo del convoy de camioneros canadienses y GoFundMe retiene los fondos recolectados en apoyo de la protesta","date":"28 de enero de 2022","format":false,"excerpt":"Los organizadores de la protesta en Canad\u00e1 contras los mandatos de vacunaci\u00f3n ordenados por el gobierno de Justin Trudeau, denunciaron que el grupo de Facebook, \"Canada Truckers For Freedom\", donde actualizaban la informaci\u00f3n de la marcha ha sido eliminado por la red social. El grupo, al momento de ser eliminado,\u2026","rel":"","context":"En \u00abMundo\u00bb","img":{"alt_text":"","src":"https:\/\/i0.wp.com\/informatepy.com\/2021\/wp-content\/uploads\/2022\/01\/fuck-trudeau.jpg?fit=700%2C394&ssl=1&resize=350%2C200","width":350,"height":200},"classes":[]},{"id":9846,"url":"https:\/\/informatepy.com\/2021\/2022\/01\/29\/canada-justin-trudeau-y-su-familia-se-mudan-a-un-lugar-secreto-por-temor-a-las-protestas-de-los-camioneros\/","url_meta":{"origin":10051,"position":3},"title":"Canad\u00e1: Justin Trudeau y su familia se mudan a un lugar secreto por temor a las protestas de los camioneros","date":"29 de enero de 2022","format":false,"excerpt":"CBC inform\u00f3 que el primer ministro canadiense,\u00a0Justin Trudeau, y su familia abandonaron su casa en Ottawa para ir a un lugar secreto, en medio de preocupaciones de seguridad debido a que miles de personas llegaron a la capital canadiense el s\u00e1bado en convoyes de camiones para protestar por los mandatos\u2026","rel":"","context":"En \u00abMundo\u00bb","img":{"alt_text":"","src":"https:\/\/i0.wp.com\/informatepy.com\/2021\/wp-content\/uploads\/2022\/01\/justin-trudeau.jpg?fit=710%2C399&ssl=1&resize=350%2C200","width":350,"height":200},"classes":[]},{"id":9786,"url":"https:\/\/informatepy.com\/2021\/2022\/01\/28\/mas-de-50-000-camiones-se-acercan-a-ottawa-para-exigir-el-fin-de-los-mandatos-de-vacunas-covid-en-canada\/","url_meta":{"origin":10051,"position":4},"title":"M\u00e1s de 50.000 camiones se acercan a Ottawa para exigir el fin de los mandatos de vacunas COVID en Canad\u00e1","date":"28 de enero de 2022","format":false,"excerpt":"Miles de camioneros canadienses avanzan con un \u201crecorrido lento\u201d hacia Ottawa este fin de semana para protestar contra los draconianos mandatos de vacunaci\u00f3n contra el COVID y otras reglas del virus impuestas por el primer ministro canadiense Justin Trudeau y los primeros ministros provinciales. \u201cLlevamos nuestra lucha hasta las puertas\u2026","rel":"","context":"En \u00abMundo\u00bb","img":{"alt_text":"","src":"https:\/\/i0.wp.com\/informatepy.com\/2021\/wp-content\/uploads\/2022\/01\/canada-trucks.jpg?fit=780%2C470&ssl=1&resize=350%2C200","width":350,"height":200},"classes":[]},{"id":9979,"url":"https:\/\/informatepy.com\/2021\/2022\/02\/05\/gofundme-suspende-por-segunda-vez-la-campana-de-recaudacion-en-apoyo-a-los-camioneros-canadienses-tras-acumularse-mas-de-10-millones-de-dolares\/","url_meta":{"origin":10051,"position":5},"title":"GoFundMe suspende por segunda vez la campa\u00f1a de recaudaci\u00f3n en apoyo a los camioneros canadienses tras acumularse m\u00e1s de 10 millones de d\u00f3lares","date":"5 de febrero de 2022","format":false,"excerpt":"Se trata de la segunda vez que el servicio pone en pausa la iniciativa para comprobar c\u00f3mo se distribuir\u00e1n los fondos recaudados.","rel":"","context":"En \u00abCiencia y Tecnolog\u00eda\u00bb","img":{"alt_text":"","src":"https:\/\/i0.wp.com\/informatepy.com\/2021\/wp-content\/uploads\/2022\/02\/gofundme.png?fit=712%2C400&ssl=1&resize=350%2C200","width":350,"height":200},"classes":[]}],"authors":[{"term_id":1051,"user_id":4,"is_guest":0,"slug":"redaccion","display_name":"Redacci\u00f3n","avatar_url":"https:\/\/i0.wp.com\/informatepy.com\/2021\/wp-content\/uploads\/2021\/02\/informate-circulo.png?fit=96%2C96&ssl=1","first_name":"Redacci\u00f3n","last_name":"","user_url":"","description":""}],"amp_enabled":true,"_links":{"self":[{"href":"https:\/\/informatepy.com\/2021\/wp-json\/wp\/v2\/posts\/10051","targetHints":{"allow":["GET"]}}],"collection":[{"href":"https:\/\/informatepy.com\/2021\/wp-json\/wp\/v2\/posts"}],"about":[{"href":"https:\/\/informatepy.com\/2021\/wp-json\/wp\/v2\/types\/post"}],"author":[{"embeddable":true,"href":"https:\/\/informatepy.com\/2021\/wp-json\/wp\/v2\/users\/4"}],"replies":[{"embeddable":true,"href":"https:\/\/informatepy.com\/2021\/wp-json\/wp\/v2\/comments?post=10051"}],"version-history":[{"count":2,"href":"https:\/\/informatepy.com\/2021\/wp-json\/wp\/v2\/posts\/10051\/revisions"}],"predecessor-version":[{"id":10053,"href":"https:\/\/informatepy.com\/2021\/wp-json\/wp\/v2\/posts\/10051\/revisions\/10053"}],"wp:featuredmedia":[{"embeddable":true,"href":"https:\/\/informatepy.com\/2021\/wp-json\/wp\/v2\/media\/9614"}],"wp:attachment":[{"href":"https:\/\/informatepy.com\/2021\/wp-json\/wp\/v2\/media?parent=10051"}],"wp:term":[{"taxonomy":"category","embeddable":true,"href":"https:\/\/informatepy.com\/2021\/wp-json\/wp\/v2\/categories?post=10051"},{"taxonomy":"post_tag","embeddable":true,"href":"https:\/\/informatepy.com\/2021\/wp-json\/wp\/v2\/tags?post=10051"},{"taxonomy":"author","embeddable":true,"href":"https:\/\/informatepy.com\/2021\/wp-json\/wp\/v2\/ppma_author?post=10051"}],"curies":[{"name":"wp","href":"https:\/\/api.w.org\/{rel}","templated":true}]}}